{"id":862,"date":"2023-01-02T10:50:16","date_gmt":"2023-01-02T13:50:16","guid":{"rendered":"https:\/\/www.br.equilibrio-petfood.com\/?p=862"},"modified":"2023-02-06T09:56:51","modified_gmt":"2023-02-06T12:56:51","slug":"melhor-racao-para-dermatite-em-caes","status":"publish","type":"post","link":"https:\/\/www.equilibrio-petfood.com\/pt-br\/2023\/01\/02\/melhor-racao-para-dermatite-em-caes\/","title":{"rendered":"MELHOR RA\u00c7\u00c3O PARA DERMATITE EM C\u00c3ES"},"content":{"rendered":"\n<p>A&nbsp;dermatite em c\u00e3es&nbsp;\u00e9 uma das doen\u00e7as mais comuns em cl\u00ednicas veterin\u00e1rias. Este problema de sa\u00fade atinge a pele e pelo do c\u00e3o, podendo aparecer em consequ\u00eancia de uma infec\u00e7\u00e3o, quest\u00f5es emocionais, resposta do sistema imunol\u00f3gico, gen\u00e9tica ou uma rea\u00e7\u00e3o al\u00e9rgica. Neste \u00faltimo caso, o agente causador pode entrar em contato com o c\u00e3o por meio externo ou interno, sendo respons\u00e1vel por prejudicar sua sa\u00fade e qualidade de vida.<\/p>\n\n\n\n<p>A&nbsp;dermatite canina&nbsp;deve ser tratada assim que se notar os primeiros sinais, pois a falta de cuidados pode levar a les\u00f5es graves que deixam o c\u00e3o suscet\u00edvel a infec\u00e7\u00f5es. As feridas causadas pela coceira indicam um estado mais avan\u00e7ado da doen\u00e7a e, por isso, \u00e9 importante que o quadro seja diagnosticado antes.<\/p>\n\n\n\n<p><strong>O que \u00e9 dermatite al\u00e9rgica em c\u00e3es?<\/strong><\/p>\n\n\n\n<p>A&nbsp;dermatite al\u00e9rgica canina&nbsp;\u00e9 uma&nbsp;doen\u00e7a de pele&nbsp;de car\u00e1ter gen\u00e9tico e inflamat\u00f3rio, na qual o cachorro torna-se sensibilizado a ant\u00edgenos ambientais mediante a forma\u00e7\u00e3o de anticorpos, que causa afec\u00e7\u00e3o al\u00e9rgica pruriginosa, ou seja, que provoca coceira.<\/p>\n\n\n\n<p>Esteja sempre atento ao&nbsp;comportamento do c\u00e3o&nbsp;para saber identificar quando existe algo fora do comum. Um dos principais sintomas da dermatite \u00e9 a coceira incessante, mas \u00e9 poss\u00edvel observar outros sinais.<\/p>\n\n\n\n<p><strong>Sinais de dermatite canina<\/strong><\/p>\n\n\n\n<ol class=\"wp-block-list\" type=\"1\" start=\"1\">\n<li>pele vermelha<\/li>\n\n\n\n<li>feridas na pele<\/li>\n\n\n\n<li>perda de pelo&nbsp;em uma regi\u00e3o espec\u00edfica<\/li>\n\n\n\n<li>\u00e1reas com crostas ou machucados<\/li>\n\n\n\n<li>c\u00e3o mordendo as patas&nbsp;ou outras partes do corpo<\/li>\n\n\n\n<li>regi\u00e3o da coceira&nbsp;\u00famida ou ressecada<\/li>\n\n\n\n<li>v\u00f4mito<\/li>\n\n\n\n<li>espirro<\/li>\n<\/ol>\n\n\n\n<p>Apesar de voc\u00ea estar sempre atento as mudan\u00e7as no comportamento do c\u00e3o, o diagn\u00f3stico preciso \u00e9 realizado por um m\u00e9dico veterin\u00e1rio. Al\u00e9m de identificar a dermatite canina por meio de exames cl\u00ednicos e laboratoriais, o especialista far\u00e1 um levantamento sobre o dia a dia e h\u00e1bitos do cachorro para saber qual o agente causador da alergia.<\/p>\n\n\n\n<p>O tratamento envolve o uso de medicamentos que aliviam os sintomas, como a coceira, e tamb\u00e9m \u00e9 fundamental eliminar qualquer contato do c\u00e3o com os elementos que desencadearam a rea\u00e7\u00e3o al\u00e9rgica.<\/p>\n\n\n\n<p>No caso de a alergia ser alimentar, deve-se orientar a ingest\u00e3o uma alimenta\u00e7\u00e3o especial com&nbsp;ra\u00e7\u00f5es hipoalerg\u00eanicas, que s\u00e3o desenvolvidas com ingredientes que reduzem as chances de irrita\u00e7\u00f5es e possuem alta taxa de digestibilidade. Estima-se que 15% a 50% dos c\u00e3es que possuem&nbsp;alergia alimentar&nbsp;ir\u00e3o apresentar rea\u00e7\u00f5es ao comerem as ra\u00e7\u00f5es normais.<\/p>\n\n\n\n<p><strong>O que \u00e9 piodermite canina?<\/strong><\/p>\n\n\n\n<p>A&nbsp;piodermite canina&nbsp;\u00e9 uma afec\u00e7\u00e3o dermatol\u00f3gica cada vez mais comum na rotina cl\u00ednica dos veterin\u00e1rios, sendo uma infec\u00e7\u00e3o piog\u00eanica de origem bacteriana onde o agente&nbsp;<em>Staphylococcus pseudintermedius<\/em>&nbsp;\u00e9 o grande causador de tal dist\u00farbio. A doen\u00e7a pode ter sinais cl\u00ednicos, com pus no local, escoria\u00e7\u00e3o, escama\u00e7\u00e3o e crostas.<\/p>\n\n\n\n<p><strong>Por que o pelo do cachorro est\u00e1 caindo?<\/strong><\/p>\n\n\n\n<p>A&nbsp;queda de pelo em cachorro&nbsp;\u00e9 normal quando acontece de maneira uniforme, ou seja, sem deixar&nbsp;buracos na pelagem. Essa queda acontece em decorr\u00eancia do envelhecimento natural dos&nbsp;pelos do cachorro. Contudo, \u00e9 importante verificar se n\u00e3o h\u00e1 outros sintomas, como vermelhid\u00e3o, incha\u00e7o ou mudan\u00e7a comportamental, que merecem uma aten\u00e7\u00e3o especial.<\/p>\n\n\n\n<p><strong>O que \u00e9 sarna de cachorro?<\/strong><\/p>\n\n\n\n<p>A&nbsp;sarna em cachorro&nbsp;\u00e9 uma&nbsp;doen\u00e7a de pele&nbsp;que se produz por causa de um \u00e1caro alojado na pele do animal. Existem tr\u00eas tipos sendo causadas por \u00e1caros diferentes e com formas de tratamento distintas. A mais comum \u00e9 a&nbsp;sarna sarc\u00f3ptica, que \u00e9 contra\u00edda atrav\u00e9s do contato com outro c\u00e3o infectado. &nbsp;<\/p>\n\n\n\n<p><strong>O que \u00e9 bom para dermatite em cachorro?<\/strong><\/p>\n\n\n\n<p>O rem\u00e9dio imunobiol\u00f3gico chamado Cytopoint \u00e9 inovador no&nbsp;tratamento da dermatite, pois age no alvo da coceira, bloqueando a interleucina 31, subst\u00e2ncia inflamat\u00f3ria respons\u00e1vel por causar a complica\u00e7\u00e3o. O rem\u00e9dio \u00e9 injetado mensalmente e apresenta v\u00e1rias vantagens porque n\u00e3o \u00e9 t\u00f3xico ao organismo do animal. Converse com o seu veterin\u00e1rio sobre a indica\u00e7\u00e3o desse tratamento. &nbsp;<\/p>\n\n\n\n<p><strong>Qual a melhor ra\u00e7\u00e3o para dermatite em c\u00e3es?<\/strong><\/p>\n\n\n\n<p>Para uma alimenta\u00e7\u00e3o balanceada e rica em nutrientes, sem colocar em risco a sa\u00fade do seu animal de estima\u00e7\u00e3o,&nbsp;Equil\u00edbrio Veterinary Hypoallergenic&nbsp;\u00e9 um&nbsp;alimento completo&nbsp;para c\u00e3es com&nbsp;dermatite al\u00e9rgica&nbsp;ou sensibilidade dermatol\u00f3gica. O produto possui prote\u00edna hidrolisada, que \u00e9 altamente digest\u00edvel e menos antig\u00eanica.<\/p>\n\n\n\n<p>Essa&nbsp;ra\u00e7\u00e3o para c\u00e3es&nbsp;deve ser indicada pelo veterin\u00e1rio e pode alimentar c\u00e3es adultos de todos os portes e idades.<\/p>\n","protected":false},"excerpt":{"rendered":"<p>A&nbsp;dermatite em c\u00e3es&nbsp;\u00e9 uma das doen\u00e7as mais comuns em cl\u00ednicas veterin\u00e1rias. Este problema de sa\u00fade atinge a pele e pelo do c\u00e3o, podendo aparecer em consequ\u00eancia de uma infec\u00e7\u00e3o, quest\u00f5es emocionais, resposta do sistema imunol\u00f3gico, gen\u00e9tica ou uma rea\u00e7\u00e3o al\u00e9rgica. Neste \u00faltimo caso, o agente causador pode entrar em contato com o c\u00e3o por meio [&hellip;]<\/p>\n","protected":false},"author":12,"featured_media":2175,"comment_status":"open","ping_status":"open","sticky":false,"template":"","format":"standard","meta":{"footnotes":""},"categories":[37],"tags":[],"class_list":["post-862","post","type-post","status-publish","format-standard","has-post-thumbnail","hentry","category-nutricao"],"acf":[],"yoast_head":"<!-- This site is optimized with the Yoast SEO plugin v27.5 - https:\/\/yoast.com\/product\/yoast-seo-wordpress\/ -->\n<title>MELHOR RA\u00c7\u00c3O PARA DERMATITE EM C\u00c3ES - Equilibro<\/title>\n<meta name=\"robots\" content=\"index, follow, max-snippet:-1, max-image-preview:large, max-video-preview:-1\" \/>\n<link rel=\"canonical\" href=\"https:\/\/www.equilibrio-petfood.com\/pt-br\/2023\/01\/02\/melhor-racao-para-dermatite-em-caes\/\" \/>\n<meta property=\"og:locale\" content=\"pt_BR\" \/>\n<meta property=\"og:type\" content=\"article\" \/>\n<meta property=\"og:title\" content=\"MELHOR RA\u00c7\u00c3O PARA DERMATITE EM C\u00c3ES - Equilibro\" \/>\n<meta property=\"og:description\" content=\"A&nbsp;dermatite em c\u00e3es&nbsp;\u00e9 uma das doen\u00e7as mais comuns em cl\u00ednicas veterin\u00e1rias. Este problema de sa\u00fade atinge a pele e pelo do c\u00e3o, podendo aparecer em consequ\u00eancia de uma infec\u00e7\u00e3o, quest\u00f5es emocionais, resposta do sistema imunol\u00f3gico, gen\u00e9tica ou uma rea\u00e7\u00e3o al\u00e9rgica. Neste \u00faltimo caso, o agente causador pode entrar em contato com o c\u00e3o por meio [&hellip;]\" \/>\n<meta property=\"og:url\" content=\"https:\/\/www.equilibrio-petfood.com\/pt-br\/2023\/01\/02\/melhor-racao-para-dermatite-em-caes\/\" \/>\n<meta property=\"og:site_name\" content=\"Equilibro\" \/>\n<meta property=\"article:published_time\" content=\"2023-01-02T13:50:16+00:00\" \/>\n<meta property=\"article:modified_time\" content=\"2023-02-06T12:56:51+00:00\" \/>\n<meta property=\"og:image\" content=\"https:\/\/www.equilibrio-petfood.com\/wp-content\/uploads\/2023\/02\/image-14.png\" \/>\n\t<meta property=\"og:image:width\" content=\"487\" \/>\n\t<meta property=\"og:image:height\" content=\"312\" \/>\n\t<meta property=\"og:image:type\" content=\"image\/png\" \/>\n<meta name=\"author\" content=\"Aedo, Lucas\" \/>\n<meta name=\"twitter:card\" content=\"summary_large_image\" \/>\n<meta name=\"twitter:label1\" content=\"Escrito por\" \/>\n\t<meta name=\"twitter:data1\" content=\"Aedo, Lucas\" \/>\n\t<meta name=\"twitter:label2\" content=\"Est. tempo de leitura\" \/>\n\t<meta name=\"twitter:data2\" content=\"4 minutos\" \/>\n<script type=\"application\/ld+json\" class=\"yoast-schema-graph\">{\"@context\":\"https:\\\/\\\/schema.org\",\"@graph\":[{\"@type\":\"Article\",\"@id\":\"https:\\\/\\\/www.equilibrio-petfood.com\\\/pt-br\\\/2023\\\/01\\\/02\\\/melhor-racao-para-dermatite-em-caes\\\/#article\",\"isPartOf\":{\"@id\":\"https:\\\/\\\/www.equilibrio-petfood.com\\\/pt-br\\\/2023\\\/01\\\/02\\\/melhor-racao-para-dermatite-em-caes\\\/\"},\"author\":{\"name\":\"Aedo, Lucas\",\"@id\":\"https:\\\/\\\/www.equilibrio-petfood.com\\\/pt-br\\\/#\\\/schema\\\/person\\\/4b65b41568f7c3cac79491fdc0ba31b4\"},\"headline\":\"MELHOR RA\u00c7\u00c3O PARA DERMATITE EM C\u00c3ES\",\"datePublished\":\"2023-01-02T13:50:16+00:00\",\"dateModified\":\"2023-02-06T12:56:51+00:00\",\"mainEntityOfPage\":{\"@id\":\"https:\\\/\\\/www.equilibrio-petfood.com\\\/pt-br\\\/2023\\\/01\\\/02\\\/melhor-racao-para-dermatite-em-caes\\\/\"},\"wordCount\":823,\"commentCount\":0,\"image\":{\"@id\":\"https:\\\/\\\/www.equilibrio-petfood.com\\\/pt-br\\\/2023\\\/01\\\/02\\\/melhor-racao-para-dermatite-em-caes\\\/#primaryimage\"},\"thumbnailUrl\":\"https:\\\/\\\/www.equilibrio-petfood.com\\\/wp-content\\\/uploads\\\/2023\\\/02\\\/image-14.png\",\"articleSection\":[\"Nutri\u00e7\u00e3o\"],\"inLanguage\":\"pt-BR\",\"potentialAction\":[{\"@type\":\"CommentAction\",\"name\":\"Comment\",\"target\":[\"https:\\\/\\\/www.equilibrio-petfood.com\\\/pt-br\\\/2023\\\/01\\\/02\\\/melhor-racao-para-dermatite-em-caes\\\/#respond\"]}]},{\"@type\":\"WebPage\",\"@id\":\"https:\\\/\\\/www.equilibrio-petfood.com\\\/pt-br\\\/2023\\\/01\\\/02\\\/melhor-racao-para-dermatite-em-caes\\\/\",\"url\":\"https:\\\/\\\/www.equilibrio-petfood.com\\\/pt-br\\\/2023\\\/01\\\/02\\\/melhor-racao-para-dermatite-em-caes\\\/\",\"name\":\"MELHOR RA\u00c7\u00c3O PARA DERMATITE EM C\u00c3ES - Equilibro\",\"isPartOf\":{\"@id\":\"https:\\\/\\\/www.equilibrio-petfood.com\\\/pt-br\\\/#website\"},\"primaryImageOfPage\":{\"@id\":\"https:\\\/\\\/www.equilibrio-petfood.com\\\/pt-br\\\/2023\\\/01\\\/02\\\/melhor-racao-para-dermatite-em-caes\\\/#primaryimage\"},\"image\":{\"@id\":\"https:\\\/\\\/www.equilibrio-petfood.com\\\/pt-br\\\/2023\\\/01\\\/02\\\/melhor-racao-para-dermatite-em-caes\\\/#primaryimage\"},\"thumbnailUrl\":\"https:\\\/\\\/www.equilibrio-petfood.com\\\/wp-content\\\/uploads\\\/2023\\\/02\\\/image-14.png\",\"datePublished\":\"2023-01-02T13:50:16+00:00\",\"dateModified\":\"2023-02-06T12:56:51+00:00\",\"author\":{\"@id\":\"https:\\\/\\\/www.equilibrio-petfood.com\\\/pt-br\\\/#\\\/schema\\\/person\\\/4b65b41568f7c3cac79491fdc0ba31b4\"},\"breadcrumb\":{\"@id\":\"https:\\\/\\\/www.equilibrio-petfood.com\\\/pt-br\\\/2023\\\/01\\\/02\\\/melhor-racao-para-dermatite-em-caes\\\/#breadcrumb\"},\"inLanguage\":\"pt-BR\",\"potentialAction\":[{\"@type\":\"ReadAction\",\"target\":[\"https:\\\/\\\/www.equilibrio-petfood.com\\\/pt-br\\\/2023\\\/01\\\/02\\\/melhor-racao-para-dermatite-em-caes\\\/\"]}]},{\"@type\":\"ImageObject\",\"inLanguage\":\"pt-BR\",\"@id\":\"https:\\\/\\\/www.equilibrio-petfood.com\\\/pt-br\\\/2023\\\/01\\\/02\\\/melhor-racao-para-dermatite-em-caes\\\/#primaryimage\",\"url\":\"https:\\\/\\\/www.equilibrio-petfood.com\\\/wp-content\\\/uploads\\\/2023\\\/02\\\/image-14.png\",\"contentUrl\":\"https:\\\/\\\/www.equilibrio-petfood.com\\\/wp-content\\\/uploads\\\/2023\\\/02\\\/image-14.png\",\"width\":487,\"height\":312},{\"@type\":\"BreadcrumbList\",\"@id\":\"https:\\\/\\\/www.equilibrio-petfood.com\\\/pt-br\\\/2023\\\/01\\\/02\\\/melhor-racao-para-dermatite-em-caes\\\/#breadcrumb\",\"itemListElement\":[{\"@type\":\"ListItem\",\"position\":1,\"name\":\"P\u00e1gina inicial\",\"item\":\"https:\\\/\\\/www.equilibrio-petfood.com\\\/pt-br\\\/\"},{\"@type\":\"ListItem\",\"position\":2,\"name\":\"MELHOR RA\u00c7\u00c3O PARA DERMATITE EM C\u00c3ES\"}]},{\"@type\":\"WebSite\",\"@id\":\"https:\\\/\\\/www.equilibrio-petfood.com\\\/pt-br\\\/#website\",\"url\":\"https:\\\/\\\/www.equilibrio-petfood.com\\\/pt-br\\\/\",\"name\":\"Equilibro\",\"description\":\"\",\"potentialAction\":[{\"@type\":\"SearchAction\",\"target\":{\"@type\":\"EntryPoint\",\"urlTemplate\":\"https:\\\/\\\/www.equilibrio-petfood.com\\\/pt-br\\\/?s={search_term_string}\"},\"query-input\":{\"@type\":\"PropertyValueSpecification\",\"valueRequired\":true,\"valueName\":\"search_term_string\"}}],\"inLanguage\":\"pt-BR\"},{\"@type\":\"Person\",\"@id\":\"https:\\\/\\\/www.equilibrio-petfood.com\\\/pt-br\\\/#\\\/schema\\\/person\\\/4b65b41568f7c3cac79491fdc0ba31b4\",\"name\":\"Aedo, Lucas\",\"image\":{\"@type\":\"ImageObject\",\"inLanguage\":\"pt-BR\",\"@id\":\"https:\\\/\\\/secure.gravatar.com\\\/avatar\\\/dd1659ab3e55f8172475d1b88fec7fbd72f990c5e01a6b5a074ddd4a7b48ad85?s=96&d=mm&r=g\",\"url\":\"https:\\\/\\\/secure.gravatar.com\\\/avatar\\\/dd1659ab3e55f8172475d1b88fec7fbd72f990c5e01a6b5a074ddd4a7b48ad85?s=96&d=mm&r=g\",\"contentUrl\":\"https:\\\/\\\/secure.gravatar.com\\\/avatar\\\/dd1659ab3e55f8172475d1b88fec7fbd72f990c5e01a6b5a074ddd4a7b48ad85?s=96&d=mm&r=g\",\"caption\":\"Aedo, Lucas\"},\"url\":\"https:\\\/\\\/www.equilibrio-petfood.com\\\/pt-br\\\/author\\\/lucas-aedoadm-com\\\/\"}]}<\/script>\n<!-- \/ Yoast SEO plugin. -->","yoast_head_json":{"title":"MELHOR RA\u00c7\u00c3O PARA DERMATITE EM C\u00c3ES - Equilibro","robots":{"index":"index","follow":"follow","max-snippet":"max-snippet:-1","max-image-preview":"max-image-preview:large","max-video-preview":"max-video-preview:-1"},"canonical":"https:\/\/www.equilibrio-petfood.com\/pt-br\/2023\/01\/02\/melhor-racao-para-dermatite-em-caes\/","og_locale":"pt_BR","og_type":"article","og_title":"MELHOR RA\u00c7\u00c3O PARA DERMATITE EM C\u00c3ES - Equilibro","og_description":"A&nbsp;dermatite em c\u00e3es&nbsp;\u00e9 uma das doen\u00e7as mais comuns em cl\u00ednicas veterin\u00e1rias. Este problema de sa\u00fade atinge a pele e pelo do c\u00e3o, podendo aparecer em consequ\u00eancia de uma infec\u00e7\u00e3o, quest\u00f5es emocionais, resposta do sistema imunol\u00f3gico, gen\u00e9tica ou uma rea\u00e7\u00e3o al\u00e9rgica. Neste \u00faltimo caso, o agente causador pode entrar em contato com o c\u00e3o por meio [&hellip;]","og_url":"https:\/\/www.equilibrio-petfood.com\/pt-br\/2023\/01\/02\/melhor-racao-para-dermatite-em-caes\/","og_site_name":"Equilibro","article_published_time":"2023-01-02T13:50:16+00:00","article_modified_time":"2023-02-06T12:56:51+00:00","og_image":[{"width":487,"height":312,"url":"https:\/\/www.equilibrio-petfood.com\/wp-content\/uploads\/2023\/02\/image-14.png","type":"image\/png"}],"author":"Aedo, Lucas","twitter_card":"summary_large_image","twitter_misc":{"Escrito por":"Aedo, Lucas","Est. tempo de leitura":"4 minutos"},"schema":{"@context":"https:\/\/schema.org","@graph":[{"@type":"Article","@id":"https:\/\/www.equilibrio-petfood.com\/pt-br\/2023\/01\/02\/melhor-racao-para-dermatite-em-caes\/#article","isPartOf":{"@id":"https:\/\/www.equilibrio-petfood.com\/pt-br\/2023\/01\/02\/melhor-racao-para-dermatite-em-caes\/"},"author":{"name":"Aedo, Lucas","@id":"https:\/\/www.equilibrio-petfood.com\/pt-br\/#\/schema\/person\/4b65b41568f7c3cac79491fdc0ba31b4"},"headline":"MELHOR RA\u00c7\u00c3O PARA DERMATITE EM C\u00c3ES","datePublished":"2023-01-02T13:50:16+00:00","dateModified":"2023-02-06T12:56:51+00:00","mainEntityOfPage":{"@id":"https:\/\/www.equilibrio-petfood.com\/pt-br\/2023\/01\/02\/melhor-racao-para-dermatite-em-caes\/"},"wordCount":823,"commentCount":0,"image":{"@id":"https:\/\/www.equilibrio-petfood.com\/pt-br\/2023\/01\/02\/melhor-racao-para-dermatite-em-caes\/#primaryimage"},"thumbnailUrl":"https:\/\/www.equilibrio-petfood.com\/wp-content\/uploads\/2023\/02\/image-14.png","articleSection":["Nutri\u00e7\u00e3o"],"inLanguage":"pt-BR","potentialAction":[{"@type":"CommentAction","name":"Comment","target":["https:\/\/www.equilibrio-petfood.com\/pt-br\/2023\/01\/02\/melhor-racao-para-dermatite-em-caes\/#respond"]}]},{"@type":"WebPage","@id":"https:\/\/www.equilibrio-petfood.com\/pt-br\/2023\/01\/02\/melhor-racao-para-dermatite-em-caes\/","url":"https:\/\/www.equilibrio-petfood.com\/pt-br\/2023\/01\/02\/melhor-racao-para-dermatite-em-caes\/","name":"MELHOR RA\u00c7\u00c3O PARA DERMATITE EM C\u00c3ES - Equilibro","isPartOf":{"@id":"https:\/\/www.equilibrio-petfood.com\/pt-br\/#website"},"primaryImageOfPage":{"@id":"https:\/\/www.equilibrio-petfood.com\/pt-br\/2023\/01\/02\/melhor-racao-para-dermatite-em-caes\/#primaryimage"},"image":{"@id":"https:\/\/www.equilibrio-petfood.com\/pt-br\/2023\/01\/02\/melhor-racao-para-dermatite-em-caes\/#primaryimage"},"thumbnailUrl":"https:\/\/www.equilibrio-petfood.com\/wp-content\/uploads\/2023\/02\/image-14.png","datePublished":"2023-01-02T13:50:16+00:00","dateModified":"2023-02-06T12:56:51+00:00","author":{"@id":"https:\/\/www.equilibrio-petfood.com\/pt-br\/#\/schema\/person\/4b65b41568f7c3cac79491fdc0ba31b4"},"breadcrumb":{"@id":"https:\/\/www.equilibrio-petfood.com\/pt-br\/2023\/01\/02\/melhor-racao-para-dermatite-em-caes\/#breadcrumb"},"inLanguage":"pt-BR","potentialAction":[{"@type":"ReadAction","target":["https:\/\/www.equilibrio-petfood.com\/pt-br\/2023\/01\/02\/melhor-racao-para-dermatite-em-caes\/"]}]},{"@type":"ImageObject","inLanguage":"pt-BR","@id":"https:\/\/www.equilibrio-petfood.com\/pt-br\/2023\/01\/02\/melhor-racao-para-dermatite-em-caes\/#primaryimage","url":"https:\/\/www.equilibrio-petfood.com\/wp-content\/uploads\/2023\/02\/image-14.png","contentUrl":"https:\/\/www.equilibrio-petfood.com\/wp-content\/uploads\/2023\/02\/image-14.png","width":487,"height":312},{"@type":"BreadcrumbList","@id":"https:\/\/www.equilibrio-petfood.com\/pt-br\/2023\/01\/02\/melhor-racao-para-dermatite-em-caes\/#breadcrumb","itemListElement":[{"@type":"ListItem","position":1,"name":"P\u00e1gina inicial","item":"https:\/\/www.equilibrio-petfood.com\/pt-br\/"},{"@type":"ListItem","position":2,"name":"MELHOR RA\u00c7\u00c3O PARA DERMATITE EM C\u00c3ES"}]},{"@type":"WebSite","@id":"https:\/\/www.equilibrio-petfood.com\/pt-br\/#website","url":"https:\/\/www.equilibrio-petfood.com\/pt-br\/","name":"Equilibro","description":"","potentialAction":[{"@type":"SearchAction","target":{"@type":"EntryPoint","urlTemplate":"https:\/\/www.equilibrio-petfood.com\/pt-br\/?s={search_term_string}"},"query-input":{"@type":"PropertyValueSpecification","valueRequired":true,"valueName":"search_term_string"}}],"inLanguage":"pt-BR"},{"@type":"Person","@id":"https:\/\/www.equilibrio-petfood.com\/pt-br\/#\/schema\/person\/4b65b41568f7c3cac79491fdc0ba31b4","name":"Aedo, Lucas","image":{"@type":"ImageObject","inLanguage":"pt-BR","@id":"https:\/\/secure.gravatar.com\/avatar\/dd1659ab3e55f8172475d1b88fec7fbd72f990c5e01a6b5a074ddd4a7b48ad85?s=96&d=mm&r=g","url":"https:\/\/secure.gravatar.com\/avatar\/dd1659ab3e55f8172475d1b88fec7fbd72f990c5e01a6b5a074ddd4a7b48ad85?s=96&d=mm&r=g","contentUrl":"https:\/\/secure.gravatar.com\/avatar\/dd1659ab3e55f8172475d1b88fec7fbd72f990c5e01a6b5a074ddd4a7b48ad85?s=96&d=mm&r=g","caption":"Aedo, Lucas"},"url":"https:\/\/www.equilibrio-petfood.com\/pt-br\/author\/lucas-aedoadm-com\/"}]}},"_links":{"self":[{"href":"https:\/\/www.equilibrio-petfood.com\/pt-br\/wp-json\/wp\/v2\/posts\/862","targetHints":{"allow":["GET"]}}],"collection":[{"href":"https:\/\/www.equilibrio-petfood.com\/pt-br\/wp-json\/wp\/v2\/posts"}],"about":[{"href":"https:\/\/www.equilibrio-petfood.com\/pt-br\/wp-json\/wp\/v2\/types\/post"}],"author":[{"embeddable":true,"href":"https:\/\/www.equilibrio-petfood.com\/pt-br\/wp-json\/wp\/v2\/users\/12"}],"replies":[{"embeddable":true,"href":"https:\/\/www.equilibrio-petfood.com\/pt-br\/wp-json\/wp\/v2\/comments?post=862"}],"version-history":[{"count":3,"href":"https:\/\/www.equilibrio-petfood.com\/pt-br\/wp-json\/wp\/v2\/posts\/862\/revisions"}],"predecessor-version":[{"id":2178,"href":"https:\/\/www.equilibrio-petfood.com\/pt-br\/wp-json\/wp\/v2\/posts\/862\/revisions\/2178"}],"wp:featuredmedia":[{"embeddable":true,"href":"https:\/\/www.equilibrio-petfood.com\/pt-br\/wp-json\/wp\/v2\/media\/2175"}],"wp:attachment":[{"href":"https:\/\/www.equilibrio-petfood.com\/pt-br\/wp-json\/wp\/v2\/media?parent=862"}],"wp:term":[{"taxonomy":"category","embeddable":true,"href":"https:\/\/www.equilibrio-petfood.com\/pt-br\/wp-json\/wp\/v2\/categories?post=862"},{"taxonomy":"post_tag","embeddable":true,"href":"https:\/\/www.equilibrio-petfood.com\/pt-br\/wp-json\/wp\/v2\/tags?post=862"}],"curies":[{"name":"wp","href":"https:\/\/api.w.org\/{rel}","templated":true}]}}