{"id":6557,"date":"2024-07-24T15:35:25","date_gmt":"2024-07-24T18:35:25","guid":{"rendered":"https:\/\/www.equilibrio-petfood.com\/?p=6557"},"modified":"2024-08-13T17:36:51","modified_gmt":"2024-08-13T20:36:51","slug":"focinheira-quando-o-cachorro-deve-usar","status":"publish","type":"post","link":"https:\/\/www.equilibrio-petfood.com\/pt-br\/2024\/07\/24\/focinheira-quando-o-cachorro-deve-usar\/","title":{"rendered":"Focinheira: quando o cachorro deve usar?"},"content":{"rendered":"\n<p>\u00c9 s\u00f3 ver um c\u00e3o usando uma <strong>focinheira<\/strong> que j\u00e1 costumamos ficar apreensivos. Afinal, esse acess\u00f3rio est\u00e1 associado a cachorros bravos e agressivos.<\/p>\n\n\n\n<p>A verdade, no entanto, \u00e9 que muitas ra\u00e7as t\u00eam de usar a focinheira por lei em alguns estados brasileiros. Quer entender melhor como isso funciona e se o seu pet \u00e9 obrigado a utiliz\u00e1-la? Confira a seguir.<\/p>\n\n\n\n<h2 class=\"wp-block-heading\"><strong>Quando um cachorro deve usar focinheira?<\/strong><\/h2>\n\n\n\n<p>A focinheira deve ser utilizada em algumas <strong>situa\u00e7\u00f5es em que o animal esteja estressado e possa causar danos a pessoas ou outros animais<\/strong>, como forma de conten\u00e7\u00e3o para exames ou medica\u00e7\u00f5es.<\/p>\n\n\n\n<p><strong>Cachorros mais bravos ou de determinadas ra\u00e7as, no entanto, devem usar a focinheira sempre que estiverem em lugares p\u00fablicos<\/strong>, j\u00e1 que oferecem o risco de morder algu\u00e9m.<\/p>\n\n\n\n<p>Entre as ra\u00e7as geralmente inclu\u00eddas nesta lista, est\u00e3o:<\/p>\n\n\n\n<ul class=\"wp-block-list\">\n<li>Pitbull;<\/li>\n\n\n\n<li>Mastim-napolitano;<\/li>\n\n\n\n<li>Bull Terrier;<\/li>\n\n\n\n<li>Bulldog;<\/li>\n\n\n\n<li>American Staffordshire;<\/li>\n\n\n\n<li>Pastor Alem\u00e3o;<\/li>\n\n\n\n<li>Rottweiler;<\/li>\n\n\n\n<li>Fila;<\/li>\n\n\n\n<li>Dobermann.<\/li>\n<\/ul>\n\n\n\n<h2 class=\"wp-block-heading\"><strong>Leis sobre o uso de focinheira<\/strong><\/h2>\n\n\n\n<p>As regras sobre o uso da focinheira, no entanto, podem variar de acordo com o local. Alguns estados podem considerar diferentes ra\u00e7as como agressivas ou, ent\u00e3o, proibir que eles passeiem em espa\u00e7os p\u00fablicos com menores de idade.&nbsp;<\/p>\n\n\n\n<p>Para saber as necessidades do seu c\u00e3o no seu estado, \u00e9 preciso conhecer as leis relativas a essa regi\u00e3o. Confira as regras estabelecidas em diferentes estados brasileiros:<\/p>\n\n\n\n<ul class=\"wp-block-list\">\n<li>S\u00e3o Paulo: <a href=\"https:\/\/www.al.sp.gov.br\/repositorio\/legislacao\/lei\/2003\/lei-11531-11.11.2003.html\">Lei n\u00ba11.531<\/a>, de 11 de novembro de 2003, e <a href=\"https:\/\/www.al.sp.gov.br\/repositorio\/legislacao\/decreto\/2004\/decreto-48533-09.03.2004.html#:~:text=Estabelece%20regras%20de%20seguran%C3%A7a%20para,11%20de%20novembro%20de%202003\">Decreto N\u00ba 48.533<\/a>, de 9 de mar\u00e7o de 2004;<\/li>\n\n\n\n<li>Rio de Janeiro: Lei n\u00ba 4.597, de 16 de setembro de 2005;<\/li>\n\n\n\n<li>Minas Gerais: <a href=\"https:\/\/www.almg.gov.br\/legislacao-mineira\/texto\/LEI\/16301\/2006\/?cons=1\">Lei n\u00ba 16.301<\/a>, de 7 de agosto de 2006;<\/li>\n\n\n\n<li>Santa Catarina: a <a href=\"http:\/\/leis.alesc.sc.gov.br\/html\/2007\/14204_2007_Lei.html\">Lei 14.204<\/a>, de 26 de novembro de 2007;<\/li>\n\n\n\n<li>Pernambuco: <a href=\"https:\/\/legis.alepe.pe.gov.br\/texto.aspx?id=1417\">Lei N\u00ba 12.469<\/a>, de 18 novembro de 2003;<\/li>\n\n\n\n<li>Maranh\u00e3o: <a href=\"https:\/\/www.legisweb.com.br\/legislacao\/?id=130528\">Lei N\u00ba 9.077<\/a> de 2 dezembro de 2009;\u00a0<\/li>\n\n\n\n<li>Distrito Federal: <a href=\"https:\/\/www.sinj.df.gov.br\/sinj\/norma\/50054\/lei_2095_29_09_1998.html\">Lei 2.095<\/a>, de 2 de setembro de 1998<\/li>\n<\/ul>\n\n\n\n<h2 class=\"wp-block-heading\"><strong>Como escolher a melhor focinheira?<\/strong><\/h2>\n\n\n\n<p>Caso voc\u00ea tenha percebido que o seu c\u00e3o precisa utilizar uma focinheira, \u00e9 necess\u00e1rio encontrar um bom modelo para ele, que seja confort\u00e1vel e male\u00e1vel.<\/p>\n\n\n\n<p>Os tipos mais comuns s\u00e3o:<\/p>\n\n\n\n<ul class=\"wp-block-list\">\n<li><strong>Cesto ou grade<\/strong>: adapta-se \u00e0 maioria das ra\u00e7as de c\u00e3es e permite que o animal\u00a0 respire bem, coma e beba \u00e1gua durante o uso;<\/li>\n\n\n\n<li><strong>Nylon ou PVC<\/strong>: indicada para usos pontuais ou r\u00e1pidos, j\u00e1 que n\u00e3o permite que o animal coma ou beba \u00e1gua;<\/li>\n\n\n\n<li><strong>Cabresto ou focinheira de adestramento<\/strong>: utilizada em treinamento de c\u00e3es, j\u00e1 que permite que o tutor guie o animal aonde for necess\u00e1rio.<\/li>\n<\/ul>\n\n\n\n<h2 class=\"wp-block-heading\"><strong>Como acostumar o cachorro com a focinheira?<\/strong><\/h2>\n\n\n\n<p>\u00c9 importante que o cachorro tenha um <strong>contato agrad\u00e1vel com o acess\u00f3rio<\/strong>, de forma que possa se adaptar a ele. A focinheira n\u00e3o deve ser apresentada a ele apenas no momento do passeio, mas previamente.&nbsp;<\/p>\n\n\n\n<p>Mostre a ele com calma, <strong>deixe que o pet cheire o objeto e coloque-a em seu rosto aos poucos<\/strong>. No in\u00edcio, pode ser em casa, por alguns minutos. Verifique sempre se o objeto est\u00e1 machucando ou incomodando o animal.<\/p>\n\n\n\n<p><strong>Associe o acess\u00f3rio a algo positivo<\/strong>: ofere\u00e7a petiscos ao pet quando coloc\u00e1-la e brinque com ele. Tamb\u00e9m \u00e9 uma boa ideia deix\u00e1-la pr\u00f3xima aos brinquedos do animal e nunca utiliz\u00e1-la para reprimi-lo.<\/p>\n\n\n\n<p>Pronto! Agora voc\u00ea sabe de tudo o que precisa para que o animal use a focinheira da melhor forma poss\u00edvel. Boa sorte!<\/p>\n","protected":false},"excerpt":{"rendered":"<p>\u00c9 s\u00f3 ver um c\u00e3o usando uma focinheira que j\u00e1 costumamos ficar apreensivos. Afinal, esse acess\u00f3rio est\u00e1 associado a cachorros bravos e agressivos. A verdade, no entanto, \u00e9 que muitas ra\u00e7as t\u00eam de usar a focinheira por lei em alguns estados brasileiros. Quer entender melhor como isso funciona e se o seu pet \u00e9 obrigado [&hellip;]<\/p>\n","protected":false},"author":15,"featured_media":6872,"comment_status":"open","ping_status":"open","sticky":false,"template":"","format":"standard","meta":{"footnotes":""},"categories":[35],"tags":[],"class_list":["post-6557","post","type-post","status-publish","format-standard","has-post-thumbnail","hentry","category-comportamento"],"acf":[],"yoast_head":"<!-- This site is optimized with the Yoast SEO plugin v27.5 - https:\/\/yoast.com\/product\/yoast-seo-wordpress\/ -->\n<title>Focinheira: quando o cachorro deve usar?<\/title>\n<meta name=\"description\" content=\"Entenda as leis relativas \u00e0 focinheira, como escolher o melhor tipo e como acostumar o cachorro a este acess\u00f3rio\" \/>\n<meta name=\"robots\" content=\"index, follow, max-snippet:-1, max-image-preview:large, max-video-preview:-1\" \/>\n<link rel=\"canonical\" href=\"https:\/\/www.equilibrio-petfood.com\/pt-br\/2024\/07\/24\/focinheira-quando-o-cachorro-deve-usar\/\" \/>\n<meta property=\"og:locale\" content=\"pt_BR\" \/>\n<meta property=\"og:type\" content=\"article\" \/>\n<meta property=\"og:title\" content=\"Focinheira: quando o cachorro deve usar?\" \/>\n<meta property=\"og:description\" content=\"Entenda as leis relativas \u00e0 focinheira, como escolher o melhor tipo e como acostumar o cachorro a este acess\u00f3rio\" \/>\n<meta property=\"og:url\" content=\"https:\/\/www.equilibrio-petfood.com\/pt-br\/2024\/07\/24\/focinheira-quando-o-cachorro-deve-usar\/\" \/>\n<meta property=\"og:site_name\" content=\"Equilibro\" \/>\n<meta property=\"article:published_time\" content=\"2024-07-24T18:35:25+00:00\" \/>\n<meta property=\"article:modified_time\" content=\"2024-08-13T20:36:51+00:00\" \/>\n<meta property=\"og:image\" content=\"https:\/\/www.equilibrio-petfood.com\/wp-content\/uploads\/2024\/07\/adorable-dalmatian-dog-with-muzzle-outdoors-1-scaled.jpg\" \/>\n\t<meta property=\"og:image:width\" content=\"2560\" \/>\n\t<meta property=\"og:image:height\" content=\"1303\" \/>\n\t<meta property=\"og:image:type\" content=\"image\/jpeg\" \/>\n<meta name=\"author\" content=\"Balmant, Ocimara (Contractor)\" \/>\n<meta name=\"twitter:card\" content=\"summary_large_image\" \/>\n<meta name=\"twitter:label1\" content=\"Escrito por\" \/>\n\t<meta name=\"twitter:data1\" content=\"Balmant, Ocimara (Contractor)\" \/>\n\t<meta name=\"twitter:label2\" content=\"Est. tempo de leitura\" \/>\n\t<meta name=\"twitter:data2\" content=\"4 minutos\" \/>\n<script type=\"application\/ld+json\" class=\"yoast-schema-graph\">{\"@context\":\"https:\\\/\\\/schema.org\",\"@graph\":[{\"@type\":\"Article\",\"@id\":\"https:\\\/\\\/www.equilibrio-petfood.com\\\/pt-br\\\/2024\\\/07\\\/24\\\/focinheira-quando-o-cachorro-deve-usar\\\/#article\",\"isPartOf\":{\"@id\":\"https:\\\/\\\/www.equilibrio-petfood.com\\\/pt-br\\\/2024\\\/07\\\/24\\\/focinheira-quando-o-cachorro-deve-usar\\\/\"},\"author\":{\"name\":\"Balmant, Ocimara (Contractor)\",\"@id\":\"https:\\\/\\\/www.equilibrio-petfood.com\\\/pt-br\\\/#\\\/schema\\\/person\\\/8621262ab642dcf847840735888b583c\"},\"headline\":\"Focinheira: quando o cachorro deve usar?\",\"datePublished\":\"2024-07-24T18:35:25+00:00\",\"dateModified\":\"2024-08-13T20:36:51+00:00\",\"mainEntityOfPage\":{\"@id\":\"https:\\\/\\\/www.equilibrio-petfood.com\\\/pt-br\\\/2024\\\/07\\\/24\\\/focinheira-quando-o-cachorro-deve-usar\\\/\"},\"wordCount\":556,\"commentCount\":0,\"image\":{\"@id\":\"https:\\\/\\\/www.equilibrio-petfood.com\\\/pt-br\\\/2024\\\/07\\\/24\\\/focinheira-quando-o-cachorro-deve-usar\\\/#primaryimage\"},\"thumbnailUrl\":\"https:\\\/\\\/www.equilibrio-petfood.com\\\/wp-content\\\/uploads\\\/2024\\\/07\\\/adorable-dalmatian-dog-with-muzzle-outdoors-1-scaled.jpg\",\"articleSection\":[\"Comportamento\"],\"inLanguage\":\"pt-BR\",\"potentialAction\":[{\"@type\":\"CommentAction\",\"name\":\"Comment\",\"target\":[\"https:\\\/\\\/www.equilibrio-petfood.com\\\/pt-br\\\/2024\\\/07\\\/24\\\/focinheira-quando-o-cachorro-deve-usar\\\/#respond\"]}]},{\"@type\":\"WebPage\",\"@id\":\"https:\\\/\\\/www.equilibrio-petfood.com\\\/pt-br\\\/2024\\\/07\\\/24\\\/focinheira-quando-o-cachorro-deve-usar\\\/\",\"url\":\"https:\\\/\\\/www.equilibrio-petfood.com\\\/pt-br\\\/2024\\\/07\\\/24\\\/focinheira-quando-o-cachorro-deve-usar\\\/\",\"name\":\"Focinheira: quando o cachorro deve usar?\",\"isPartOf\":{\"@id\":\"https:\\\/\\\/www.equilibrio-petfood.com\\\/pt-br\\\/#website\"},\"primaryImageOfPage\":{\"@id\":\"https:\\\/\\\/www.equilibrio-petfood.com\\\/pt-br\\\/2024\\\/07\\\/24\\\/focinheira-quando-o-cachorro-deve-usar\\\/#primaryimage\"},\"image\":{\"@id\":\"https:\\\/\\\/www.equilibrio-petfood.com\\\/pt-br\\\/2024\\\/07\\\/24\\\/focinheira-quando-o-cachorro-deve-usar\\\/#primaryimage\"},\"thumbnailUrl\":\"https:\\\/\\\/www.equilibrio-petfood.com\\\/wp-content\\\/uploads\\\/2024\\\/07\\\/adorable-dalmatian-dog-with-muzzle-outdoors-1-scaled.jpg\",\"datePublished\":\"2024-07-24T18:35:25+00:00\",\"dateModified\":\"2024-08-13T20:36:51+00:00\",\"author\":{\"@id\":\"https:\\\/\\\/www.equilibrio-petfood.com\\\/pt-br\\\/#\\\/schema\\\/person\\\/8621262ab642dcf847840735888b583c\"},\"description\":\"Entenda as leis relativas \u00e0 focinheira, como escolher o melhor tipo e como acostumar o cachorro a este acess\u00f3rio\",\"breadcrumb\":{\"@id\":\"https:\\\/\\\/www.equilibrio-petfood.com\\\/pt-br\\\/2024\\\/07\\\/24\\\/focinheira-quando-o-cachorro-deve-usar\\\/#breadcrumb\"},\"inLanguage\":\"pt-BR\",\"potentialAction\":[{\"@type\":\"ReadAction\",\"target\":[\"https:\\\/\\\/www.equilibrio-petfood.com\\\/pt-br\\\/2024\\\/07\\\/24\\\/focinheira-quando-o-cachorro-deve-usar\\\/\"]}]},{\"@type\":\"ImageObject\",\"inLanguage\":\"pt-BR\",\"@id\":\"https:\\\/\\\/www.equilibrio-petfood.com\\\/pt-br\\\/2024\\\/07\\\/24\\\/focinheira-quando-o-cachorro-deve-usar\\\/#primaryimage\",\"url\":\"https:\\\/\\\/www.equilibrio-petfood.com\\\/wp-content\\\/uploads\\\/2024\\\/07\\\/adorable-dalmatian-dog-with-muzzle-outdoors-1-scaled.jpg\",\"contentUrl\":\"https:\\\/\\\/www.equilibrio-petfood.com\\\/wp-content\\\/uploads\\\/2024\\\/07\\\/adorable-dalmatian-dog-with-muzzle-outdoors-1-scaled.jpg\",\"width\":2560,\"height\":1303,\"caption\":\"cachorro com focinheira\"},{\"@type\":\"BreadcrumbList\",\"@id\":\"https:\\\/\\\/www.equilibrio-petfood.com\\\/pt-br\\\/2024\\\/07\\\/24\\\/focinheira-quando-o-cachorro-deve-usar\\\/#breadcrumb\",\"itemListElement\":[{\"@type\":\"ListItem\",\"position\":1,\"name\":\"P\u00e1gina inicial\",\"item\":\"https:\\\/\\\/www.equilibrio-petfood.com\\\/pt-br\\\/\"},{\"@type\":\"ListItem\",\"position\":2,\"name\":\"Focinheira: quando o cachorro deve usar?\"}]},{\"@type\":\"WebSite\",\"@id\":\"https:\\\/\\\/www.equilibrio-petfood.com\\\/pt-br\\\/#website\",\"url\":\"https:\\\/\\\/www.equilibrio-petfood.com\\\/pt-br\\\/\",\"name\":\"Equilibro\",\"description\":\"\",\"potentialAction\":[{\"@type\":\"SearchAction\",\"target\":{\"@type\":\"EntryPoint\",\"urlTemplate\":\"https:\\\/\\\/www.equilibrio-petfood.com\\\/pt-br\\\/?s={search_term_string}\"},\"query-input\":{\"@type\":\"PropertyValueSpecification\",\"valueRequired\":true,\"valueName\":\"search_term_string\"}}],\"inLanguage\":\"pt-BR\"},{\"@type\":\"Person\",\"@id\":\"https:\\\/\\\/www.equilibrio-petfood.com\\\/pt-br\\\/#\\\/schema\\\/person\\\/8621262ab642dcf847840735888b583c\",\"name\":\"Balmant, Ocimara (Contractor)\",\"image\":{\"@type\":\"ImageObject\",\"inLanguage\":\"pt-BR\",\"@id\":\"https:\\\/\\\/secure.gravatar.com\\\/avatar\\\/99eee4fefaaebeb8ea19e81df8a523a124b97ae6fcf25a8aa2c25236147410a7?s=96&d=mm&r=g\",\"url\":\"https:\\\/\\\/secure.gravatar.com\\\/avatar\\\/99eee4fefaaebeb8ea19e81df8a523a124b97ae6fcf25a8aa2c25236147410a7?s=96&d=mm&r=g\",\"contentUrl\":\"https:\\\/\\\/secure.gravatar.com\\\/avatar\\\/99eee4fefaaebeb8ea19e81df8a523a124b97ae6fcf25a8aa2c25236147410a7?s=96&d=mm&r=g\",\"caption\":\"Balmant, Ocimara (Contractor)\"},\"url\":\"https:\\\/\\\/www.equilibrio-petfood.com\\\/pt-br\\\/author\\\/ocimara-balmant-contractoradm-com\\\/\"}]}<\/script>\n<!-- \/ Yoast SEO plugin. -->","yoast_head_json":{"title":"Focinheira: quando o cachorro deve usar?","description":"Entenda as leis relativas \u00e0 focinheira, como escolher o melhor tipo e como acostumar o cachorro a este acess\u00f3rio","robots":{"index":"index","follow":"follow","max-snippet":"max-snippet:-1","max-image-preview":"max-image-preview:large","max-video-preview":"max-video-preview:-1"},"canonical":"https:\/\/www.equilibrio-petfood.com\/pt-br\/2024\/07\/24\/focinheira-quando-o-cachorro-deve-usar\/","og_locale":"pt_BR","og_type":"article","og_title":"Focinheira: quando o cachorro deve usar?","og_description":"Entenda as leis relativas \u00e0 focinheira, como escolher o melhor tipo e como acostumar o cachorro a este acess\u00f3rio","og_url":"https:\/\/www.equilibrio-petfood.com\/pt-br\/2024\/07\/24\/focinheira-quando-o-cachorro-deve-usar\/","og_site_name":"Equilibro","article_published_time":"2024-07-24T18:35:25+00:00","article_modified_time":"2024-08-13T20:36:51+00:00","og_image":[{"width":2560,"height":1303,"url":"https:\/\/www.equilibrio-petfood.com\/wp-content\/uploads\/2024\/07\/adorable-dalmatian-dog-with-muzzle-outdoors-1-scaled.jpg","type":"image\/jpeg"}],"author":"Balmant, Ocimara (Contractor)","twitter_card":"summary_large_image","twitter_misc":{"Escrito por":"Balmant, Ocimara (Contractor)","Est. tempo de leitura":"4 minutos"},"schema":{"@context":"https:\/\/schema.org","@graph":[{"@type":"Article","@id":"https:\/\/www.equilibrio-petfood.com\/pt-br\/2024\/07\/24\/focinheira-quando-o-cachorro-deve-usar\/#article","isPartOf":{"@id":"https:\/\/www.equilibrio-petfood.com\/pt-br\/2024\/07\/24\/focinheira-quando-o-cachorro-deve-usar\/"},"author":{"name":"Balmant, Ocimara (Contractor)","@id":"https:\/\/www.equilibrio-petfood.com\/pt-br\/#\/schema\/person\/8621262ab642dcf847840735888b583c"},"headline":"Focinheira: quando o cachorro deve usar?","datePublished":"2024-07-24T18:35:25+00:00","dateModified":"2024-08-13T20:36:51+00:00","mainEntityOfPage":{"@id":"https:\/\/www.equilibrio-petfood.com\/pt-br\/2024\/07\/24\/focinheira-quando-o-cachorro-deve-usar\/"},"wordCount":556,"commentCount":0,"image":{"@id":"https:\/\/www.equilibrio-petfood.com\/pt-br\/2024\/07\/24\/focinheira-quando-o-cachorro-deve-usar\/#primaryimage"},"thumbnailUrl":"https:\/\/www.equilibrio-petfood.com\/wp-content\/uploads\/2024\/07\/adorable-dalmatian-dog-with-muzzle-outdoors-1-scaled.jpg","articleSection":["Comportamento"],"inLanguage":"pt-BR","potentialAction":[{"@type":"CommentAction","name":"Comment","target":["https:\/\/www.equilibrio-petfood.com\/pt-br\/2024\/07\/24\/focinheira-quando-o-cachorro-deve-usar\/#respond"]}]},{"@type":"WebPage","@id":"https:\/\/www.equilibrio-petfood.com\/pt-br\/2024\/07\/24\/focinheira-quando-o-cachorro-deve-usar\/","url":"https:\/\/www.equilibrio-petfood.com\/pt-br\/2024\/07\/24\/focinheira-quando-o-cachorro-deve-usar\/","name":"Focinheira: quando o cachorro deve usar?","isPartOf":{"@id":"https:\/\/www.equilibrio-petfood.com\/pt-br\/#website"},"primaryImageOfPage":{"@id":"https:\/\/www.equilibrio-petfood.com\/pt-br\/2024\/07\/24\/focinheira-quando-o-cachorro-deve-usar\/#primaryimage"},"image":{"@id":"https:\/\/www.equilibrio-petfood.com\/pt-br\/2024\/07\/24\/focinheira-quando-o-cachorro-deve-usar\/#primaryimage"},"thumbnailUrl":"https:\/\/www.equilibrio-petfood.com\/wp-content\/uploads\/2024\/07\/adorable-dalmatian-dog-with-muzzle-outdoors-1-scaled.jpg","datePublished":"2024-07-24T18:35:25+00:00","dateModified":"2024-08-13T20:36:51+00:00","author":{"@id":"https:\/\/www.equilibrio-petfood.com\/pt-br\/#\/schema\/person\/8621262ab642dcf847840735888b583c"},"description":"Entenda as leis relativas \u00e0 focinheira, como escolher o melhor tipo e como acostumar o cachorro a este acess\u00f3rio","breadcrumb":{"@id":"https:\/\/www.equilibrio-petfood.com\/pt-br\/2024\/07\/24\/focinheira-quando-o-cachorro-deve-usar\/#breadcrumb"},"inLanguage":"pt-BR","potentialAction":[{"@type":"ReadAction","target":["https:\/\/www.equilibrio-petfood.com\/pt-br\/2024\/07\/24\/focinheira-quando-o-cachorro-deve-usar\/"]}]},{"@type":"ImageObject","inLanguage":"pt-BR","@id":"https:\/\/www.equilibrio-petfood.com\/pt-br\/2024\/07\/24\/focinheira-quando-o-cachorro-deve-usar\/#primaryimage","url":"https:\/\/www.equilibrio-petfood.com\/wp-content\/uploads\/2024\/07\/adorable-dalmatian-dog-with-muzzle-outdoors-1-scaled.jpg","contentUrl":"https:\/\/www.equilibrio-petfood.com\/wp-content\/uploads\/2024\/07\/adorable-dalmatian-dog-with-muzzle-outdoors-1-scaled.jpg","width":2560,"height":1303,"caption":"cachorro com focinheira"},{"@type":"BreadcrumbList","@id":"https:\/\/www.equilibrio-petfood.com\/pt-br\/2024\/07\/24\/focinheira-quando-o-cachorro-deve-usar\/#breadcrumb","itemListElement":[{"@type":"ListItem","position":1,"name":"P\u00e1gina inicial","item":"https:\/\/www.equilibrio-petfood.com\/pt-br\/"},{"@type":"ListItem","position":2,"name":"Focinheira: quando o cachorro deve usar?"}]},{"@type":"WebSite","@id":"https:\/\/www.equilibrio-petfood.com\/pt-br\/#website","url":"https:\/\/www.equilibrio-petfood.com\/pt-br\/","name":"Equilibro","description":"","potentialAction":[{"@type":"SearchAction","target":{"@type":"EntryPoint","urlTemplate":"https:\/\/www.equilibrio-petfood.com\/pt-br\/?s={search_term_string}"},"query-input":{"@type":"PropertyValueSpecification","valueRequired":true,"valueName":"search_term_string"}}],"inLanguage":"pt-BR"},{"@type":"Person","@id":"https:\/\/www.equilibrio-petfood.com\/pt-br\/#\/schema\/person\/8621262ab642dcf847840735888b583c","name":"Balmant, Ocimara (Contractor)","image":{"@type":"ImageObject","inLanguage":"pt-BR","@id":"https:\/\/secure.gravatar.com\/avatar\/99eee4fefaaebeb8ea19e81df8a523a124b97ae6fcf25a8aa2c25236147410a7?s=96&d=mm&r=g","url":"https:\/\/secure.gravatar.com\/avatar\/99eee4fefaaebeb8ea19e81df8a523a124b97ae6fcf25a8aa2c25236147410a7?s=96&d=mm&r=g","contentUrl":"https:\/\/secure.gravatar.com\/avatar\/99eee4fefaaebeb8ea19e81df8a523a124b97ae6fcf25a8aa2c25236147410a7?s=96&d=mm&r=g","caption":"Balmant, Ocimara (Contractor)"},"url":"https:\/\/www.equilibrio-petfood.com\/pt-br\/author\/ocimara-balmant-contractoradm-com\/"}]}},"_links":{"self":[{"href":"https:\/\/www.equilibrio-petfood.com\/pt-br\/wp-json\/wp\/v2\/posts\/6557","targetHints":{"allow":["GET"]}}],"collection":[{"href":"https:\/\/www.equilibrio-petfood.com\/pt-br\/wp-json\/wp\/v2\/posts"}],"about":[{"href":"https:\/\/www.equilibrio-petfood.com\/pt-br\/wp-json\/wp\/v2\/types\/post"}],"author":[{"embeddable":true,"href":"https:\/\/www.equilibrio-petfood.com\/pt-br\/wp-json\/wp\/v2\/users\/15"}],"replies":[{"embeddable":true,"href":"https:\/\/www.equilibrio-petfood.com\/pt-br\/wp-json\/wp\/v2\/comments?post=6557"}],"version-history":[{"count":1,"href":"https:\/\/www.equilibrio-petfood.com\/pt-br\/wp-json\/wp\/v2\/posts\/6557\/revisions"}],"predecessor-version":[{"id":6558,"href":"https:\/\/www.equilibrio-petfood.com\/pt-br\/wp-json\/wp\/v2\/posts\/6557\/revisions\/6558"}],"wp:featuredmedia":[{"embeddable":true,"href":"https:\/\/www.equilibrio-petfood.com\/pt-br\/wp-json\/wp\/v2\/media\/6872"}],"wp:attachment":[{"href":"https:\/\/www.equilibrio-petfood.com\/pt-br\/wp-json\/wp\/v2\/media?parent=6557"}],"wp:term":[{"taxonomy":"category","embeddable":true,"href":"https:\/\/www.equilibrio-petfood.com\/pt-br\/wp-json\/wp\/v2\/categories?post=6557"},{"taxonomy":"post_tag","embeddable":true,"href":"https:\/\/www.equilibrio-petfood.com\/pt-br\/wp-json\/wp\/v2\/tags?post=6557"}],"curies":[{"name":"wp","href":"https:\/\/api.w.org\/{rel}","templated":true}]}}