{"id":4880,"date":"2024-03-08T14:07:07","date_gmt":"2024-03-08T17:07:07","guid":{"rendered":"https:\/\/www.equilibrio-petfood.com\/?p=4880"},"modified":"2024-03-08T14:11:34","modified_gmt":"2024-03-08T17:11:34","slug":"fenda-palatina-caes","status":"publish","type":"post","link":"https:\/\/www.equilibrio-petfood.com\/pt-br\/2024\/03\/08\/fenda-palatina-caes\/","title":{"rendered":"Fenda palatina em c\u00e3es: descubra se tem solu\u00e7\u00e3o"},"content":{"rendered":"\n<p>Os c\u00e3es com fenda palatina nascem com uma m\u00e1-forma\u00e7\u00e3o no c\u00e9u da boca. Esta condi\u00e7\u00e3o pode causar problemas de sa\u00fade logo nos primeiros dias de vida. Isso porque, o palato aberto cria uma conex\u00e3o direta entre as fossas nasais e a boca, o que aumenta o risco de broncoaspira\u00e7\u00e3o ao beber o leite materno.<\/p>\n\n\n\n<p>Esta \u00e9 uma quest\u00e3o s\u00e9ria de sa\u00fade e tem taxa de \u00f3bito alta. Felizmente, existem algumas alternativas que ajudam os peludos a terem uma vida saud\u00e1vel at\u00e9 que possam fazer a cirurgia de repara\u00e7\u00e3o. Veja abaixo quais s\u00e3o elas:&nbsp;<\/p>\n\n\n\n<p><strong>O que \u00e9 a fenda palatina em c\u00e3es&nbsp;<\/strong><\/p>\n\n\n\n<p>A fenda palatina em c\u00e3es \u00e9 separada em duas categorias: a cong\u00eanita, quando o c\u00e3o nasce com a obstru\u00e7\u00e3o, e a adquirida, que pode ser ocasionada por traumas, tumores ou les\u00f5es na regi\u00e3o cranial.&nbsp;<\/p>\n\n\n\n<p>De forma geral, o que acontece \u00e9 uma m\u00e1-forma\u00e7\u00e3o no c\u00e9u da boca do animal, respons\u00e1vel por separar a regi\u00e3o bucal da regi\u00e3o nasal e impedir que o alimento entre no espa\u00e7o que deveria haver somente ar.&nbsp;<\/p>\n\n\n\n<p>Quando essa regi\u00e3o tem alguma altera\u00e7\u00e3o, o c\u00e3o pode inalar o leite materno e, consequentemente, sofrer uma s\u00e9rie de inflama\u00e7\u00f5es no pulm\u00e3o.&nbsp; Al\u00e9m disso, situa\u00e7\u00f5es que deveriam ser mais simples, como engasgos ou solu\u00e7os, por causa da fenda palatina, se tornam fatais.&nbsp;<\/p>\n\n\n\n<p>Existem ainda alguns sintomas podem denunciar o quadro de fenda palatina adquirida em animais adultos como, por exemplo:<\/p>\n\n\n\n<ul class=\"wp-block-list\">\n<li>Espirros com restos de alimento;<\/li>\n\n\n\n<li>Engasgos frequentes;<\/li>\n\n\n\n<li>Emagrecimento progressivo;<\/li>\n\n\n\n<li>Recusa em se alimentar mesmo aparentando ter fome.<\/li>\n<\/ul>\n\n\n\n<p><strong>Como \u00e9 a alimenta\u00e7\u00e3o em c\u00e3es com fenda palatina&nbsp;<\/strong><\/p>\n\n\n\n<p>Como os c\u00e3es mais afetados pela fenda palatina s\u00e3o aqueles que ainda est\u00e3o em fase de amamenta\u00e7\u00e3o, \u00e9 preciso que o leite materno seja oferecido por sonda. Sendo assim, \u00e9 importante que haja aux\u00edlio de profissionais capacitados para aplicar a t\u00e9cnica correta e n\u00e3o machucar o peludinho.&nbsp;<\/p>\n\n\n\n<p>A partir dos seis meses de vida, geralmente, os c\u00e3es comem normalmente o alimento seco, mas ainda h\u00e1 perigo de engasgos. Por isso, \u00e9 indicado que haja o acompanhamento m\u00e9dico constante at\u00e9 que o palato esteja completamente formado e seja a hora de fazer a cirurgia de repara\u00e7\u00e3o.&nbsp;<\/p>\n\n\n\n<p><strong>Como \u00e9 a cirurgia de fenda palatina em c\u00e3es<\/strong><\/p>\n\n\n\n<p>O procedimento cir\u00fargico consiste em suturar a fenda para aproximar as bordas do palato at\u00e9 que ele esteja completamente coberto. Dependendo da gravidade da fenda palatina, a recupera\u00e7\u00e3o total pode demandar mais de uma cirurgia, uma vez que a fenda funciona como uma ponte aberta que precisa ser fechada aos poucos para que o animal consiga se recuperar plenamente.&nbsp;<\/p>\n\n\n\n<p>Por isso, \u00e9 importante que o m\u00e9dico-veterin\u00e1rio respons\u00e1vel pelo caso do seu filho de quatro patas seja um especialista nesse tipo de cirurgia, para que ele possa explicar o passo a passo e encontrar a melhor forma de ajudar o c\u00e3o a ter uma vida normal e saud\u00e1vel ao lado da fam\u00edlia.&nbsp;<\/p>\n\n\n\n<p><strong>H3. P\u00f3s-cir\u00fargico de fenda palatina em c\u00e3es<\/strong><\/p>\n\n\n\n<p>O p\u00f3s-cir\u00fargico normalmente \u00e9 feito na pr\u00f3pria interna\u00e7\u00e3o. Quando o cachorro receber alta, a alimenta\u00e7\u00e3o j\u00e1 ser\u00e1 normal, ainda que haja necessidade de usar anti-inflamat\u00f3rios e antibi\u00f3ticos por um tempo.&nbsp;<\/p>\n\n\n\n<p>Existem algumas organiza\u00e7\u00f5es n\u00e3o governamentais que se dedicam a acolher, cuidar e promover a ado\u00e7\u00e3o de c\u00e3es com fenda palatina. Dentre elas, veja o trabalho da <a href=\"https:\/\/www.instagram.com\/casadosbulls\/\">Casa dos Bulls<\/a> e do <a href=\"https:\/\/www.instagram.com\/salveosbulls\/\">Salve os Bulls<\/a> acessando a p\u00e1gina deles nas redes sociais.&nbsp;<\/p>\n\n\n\n<p>Ainda que seja um processo que demanda tempo do tutor e muita aten\u00e7\u00e3o, adotar e cuidar de um c\u00e3o com fenda palatina \u00e9 um ato enorme de amor ao pr\u00f3ximo.&nbsp;<\/p>\n\n\n\n<p>Al\u00e9m disso, oferecer alimenta\u00e7\u00e3o de qualidade, consultas constantes ao m\u00e9dico-veterin\u00e1rio e manter as vacinas e antiparasit\u00e1rios em dia s\u00e3o formas de fazer com que a vida do seu amigo peludo seja mais longa e tranquila.&nbsp;<\/p>\n\n\n\n<p>Acompanhe nosso blog para dicas de sa\u00fade e cuidados com c\u00e3es e gatos. Al\u00e9m disso, siga nossas redes sociais para saber as novidades e lan\u00e7amentos de Equil\u00edbrio!&nbsp;<\/p>\n","protected":false},"excerpt":{"rendered":"<p>Os c\u00e3es com fenda palatina nascem com uma m\u00e1-forma\u00e7\u00e3o no c\u00e9u da boca. Esta condi\u00e7\u00e3o pode causar problemas de sa\u00fade logo nos primeiros dias de vida. Isso porque, o palato aberto cria uma conex\u00e3o direta entre as fossas nasais e a boca, o que aumenta o risco de broncoaspira\u00e7\u00e3o ao beber o leite materno. Esta [&hellip;]<\/p>\n","protected":false},"author":15,"featured_media":4883,"comment_status":"open","ping_status":"open","sticky":false,"template":"","format":"standard","meta":{"footnotes":""},"categories":[38],"tags":[],"class_list":["post-4880","post","type-post","status-publish","format-standard","has-post-thumbnail","hentry","category-saude"],"acf":[],"yoast_head":"<!-- This site is optimized with the Yoast SEO plugin v27.5 - https:\/\/yoast.com\/product\/yoast-seo-wordpress\/ -->\n<title>Fenda palatina em c\u00e3es: descubra se tem solu\u00e7\u00e3o - Equilibro<\/title>\n<meta name=\"description\" content=\"Os c\u00e3es com fenda palatina nascem com uma m\u00e1-forma\u00e7\u00e3o no c\u00e9u da boca, o que pode causar problemas de sa\u00fade logo nos primeiros dias de vida.\" \/>\n<meta name=\"robots\" content=\"index, follow, max-snippet:-1, max-image-preview:large, max-video-preview:-1\" \/>\n<link rel=\"canonical\" href=\"https:\/\/www.equilibrio-petfood.com\/pt-br\/2024\/03\/08\/fenda-palatina-caes\/\" \/>\n<meta property=\"og:locale\" content=\"pt_BR\" \/>\n<meta property=\"og:type\" content=\"article\" \/>\n<meta property=\"og:title\" content=\"Fenda palatina em c\u00e3es: descubra se tem solu\u00e7\u00e3o - Equilibro\" \/>\n<meta property=\"og:description\" content=\"Os c\u00e3es com fenda palatina nascem com uma m\u00e1-forma\u00e7\u00e3o no c\u00e9u da boca, o que pode causar problemas de sa\u00fade logo nos primeiros dias de vida.\" \/>\n<meta property=\"og:url\" content=\"https:\/\/www.equilibrio-petfood.com\/pt-br\/2024\/03\/08\/fenda-palatina-caes\/\" \/>\n<meta property=\"og:site_name\" content=\"Equilibro\" \/>\n<meta property=\"article:published_time\" content=\"2024-03-08T17:07:07+00:00\" \/>\n<meta property=\"article:modified_time\" content=\"2024-03-08T17:11:34+00:00\" \/>\n<meta property=\"og:image\" content=\"https:\/\/www.equilibrio-petfood.com\/wp-content\/uploads\/2024\/03\/dog-983014_1280.jpg\" \/>\n\t<meta property=\"og:image:width\" content=\"1280\" \/>\n\t<meta property=\"og:image:height\" content=\"850\" \/>\n\t<meta property=\"og:image:type\" content=\"image\/jpeg\" \/>\n<meta name=\"author\" content=\"Balmant, Ocimara (Contractor)\" \/>\n<meta name=\"twitter:card\" content=\"summary_large_image\" \/>\n<meta name=\"twitter:label1\" content=\"Escrito por\" \/>\n\t<meta name=\"twitter:data1\" content=\"Balmant, Ocimara (Contractor)\" \/>\n\t<meta name=\"twitter:label2\" content=\"Est. tempo de leitura\" \/>\n\t<meta name=\"twitter:data2\" content=\"4 minutos\" \/>\n<script type=\"application\/ld+json\" class=\"yoast-schema-graph\">{\"@context\":\"https:\\\/\\\/schema.org\",\"@graph\":[{\"@type\":\"Article\",\"@id\":\"https:\\\/\\\/www.equilibrio-petfood.com\\\/pt-br\\\/2024\\\/03\\\/08\\\/fenda-palatina-caes\\\/#article\",\"isPartOf\":{\"@id\":\"https:\\\/\\\/www.equilibrio-petfood.com\\\/pt-br\\\/2024\\\/03\\\/08\\\/fenda-palatina-caes\\\/\"},\"author\":{\"name\":\"Balmant, Ocimara (Contractor)\",\"@id\":\"https:\\\/\\\/www.equilibrio-petfood.com\\\/pt-br\\\/#\\\/schema\\\/person\\\/8621262ab642dcf847840735888b583c\"},\"headline\":\"Fenda palatina em c\u00e3es: descubra se tem solu\u00e7\u00e3o\",\"datePublished\":\"2024-03-08T17:07:07+00:00\",\"dateModified\":\"2024-03-08T17:11:34+00:00\",\"mainEntityOfPage\":{\"@id\":\"https:\\\/\\\/www.equilibrio-petfood.com\\\/pt-br\\\/2024\\\/03\\\/08\\\/fenda-palatina-caes\\\/\"},\"wordCount\":744,\"commentCount\":0,\"image\":{\"@id\":\"https:\\\/\\\/www.equilibrio-petfood.com\\\/pt-br\\\/2024\\\/03\\\/08\\\/fenda-palatina-caes\\\/#primaryimage\"},\"thumbnailUrl\":\"https:\\\/\\\/www.equilibrio-petfood.com\\\/wp-content\\\/uploads\\\/2024\\\/03\\\/dog-983014_1280.jpg\",\"articleSection\":[\"Sa\u00fade\"],\"inLanguage\":\"pt-BR\",\"potentialAction\":[{\"@type\":\"CommentAction\",\"name\":\"Comment\",\"target\":[\"https:\\\/\\\/www.equilibrio-petfood.com\\\/pt-br\\\/2024\\\/03\\\/08\\\/fenda-palatina-caes\\\/#respond\"]}]},{\"@type\":\"WebPage\",\"@id\":\"https:\\\/\\\/www.equilibrio-petfood.com\\\/pt-br\\\/2024\\\/03\\\/08\\\/fenda-palatina-caes\\\/\",\"url\":\"https:\\\/\\\/www.equilibrio-petfood.com\\\/pt-br\\\/2024\\\/03\\\/08\\\/fenda-palatina-caes\\\/\",\"name\":\"Fenda palatina em c\u00e3es: descubra se tem solu\u00e7\u00e3o - Equilibro\",\"isPartOf\":{\"@id\":\"https:\\\/\\\/www.equilibrio-petfood.com\\\/pt-br\\\/#website\"},\"primaryImageOfPage\":{\"@id\":\"https:\\\/\\\/www.equilibrio-petfood.com\\\/pt-br\\\/2024\\\/03\\\/08\\\/fenda-palatina-caes\\\/#primaryimage\"},\"image\":{\"@id\":\"https:\\\/\\\/www.equilibrio-petfood.com\\\/pt-br\\\/2024\\\/03\\\/08\\\/fenda-palatina-caes\\\/#primaryimage\"},\"thumbnailUrl\":\"https:\\\/\\\/www.equilibrio-petfood.com\\\/wp-content\\\/uploads\\\/2024\\\/03\\\/dog-983014_1280.jpg\",\"datePublished\":\"2024-03-08T17:07:07+00:00\",\"dateModified\":\"2024-03-08T17:11:34+00:00\",\"author\":{\"@id\":\"https:\\\/\\\/www.equilibrio-petfood.com\\\/pt-br\\\/#\\\/schema\\\/person\\\/8621262ab642dcf847840735888b583c\"},\"description\":\"Os c\u00e3es com fenda palatina nascem com uma m\u00e1-forma\u00e7\u00e3o no c\u00e9u da boca, o que pode causar problemas de sa\u00fade logo nos primeiros dias de vida.\",\"breadcrumb\":{\"@id\":\"https:\\\/\\\/www.equilibrio-petfood.com\\\/pt-br\\\/2024\\\/03\\\/08\\\/fenda-palatina-caes\\\/#breadcrumb\"},\"inLanguage\":\"pt-BR\",\"potentialAction\":[{\"@type\":\"ReadAction\",\"target\":[\"https:\\\/\\\/www.equilibrio-petfood.com\\\/pt-br\\\/2024\\\/03\\\/08\\\/fenda-palatina-caes\\\/\"]}]},{\"@type\":\"ImageObject\",\"inLanguage\":\"pt-BR\",\"@id\":\"https:\\\/\\\/www.equilibrio-petfood.com\\\/pt-br\\\/2024\\\/03\\\/08\\\/fenda-palatina-caes\\\/#primaryimage\",\"url\":\"https:\\\/\\\/www.equilibrio-petfood.com\\\/wp-content\\\/uploads\\\/2024\\\/03\\\/dog-983014_1280.jpg\",\"contentUrl\":\"https:\\\/\\\/www.equilibrio-petfood.com\\\/wp-content\\\/uploads\\\/2024\\\/03\\\/dog-983014_1280.jpg\",\"width\":1280,\"height\":850},{\"@type\":\"BreadcrumbList\",\"@id\":\"https:\\\/\\\/www.equilibrio-petfood.com\\\/pt-br\\\/2024\\\/03\\\/08\\\/fenda-palatina-caes\\\/#breadcrumb\",\"itemListElement\":[{\"@type\":\"ListItem\",\"position\":1,\"name\":\"P\u00e1gina inicial\",\"item\":\"https:\\\/\\\/www.equilibrio-petfood.com\\\/pt-br\\\/\"},{\"@type\":\"ListItem\",\"position\":2,\"name\":\"Fenda palatina em c\u00e3es: descubra se tem solu\u00e7\u00e3o\"}]},{\"@type\":\"WebSite\",\"@id\":\"https:\\\/\\\/www.equilibrio-petfood.com\\\/pt-br\\\/#website\",\"url\":\"https:\\\/\\\/www.equilibrio-petfood.com\\\/pt-br\\\/\",\"name\":\"Equilibro\",\"description\":\"\",\"potentialAction\":[{\"@type\":\"SearchAction\",\"target\":{\"@type\":\"EntryPoint\",\"urlTemplate\":\"https:\\\/\\\/www.equilibrio-petfood.com\\\/pt-br\\\/?s={search_term_string}\"},\"query-input\":{\"@type\":\"PropertyValueSpecification\",\"valueRequired\":true,\"valueName\":\"search_term_string\"}}],\"inLanguage\":\"pt-BR\"},{\"@type\":\"Person\",\"@id\":\"https:\\\/\\\/www.equilibrio-petfood.com\\\/pt-br\\\/#\\\/schema\\\/person\\\/8621262ab642dcf847840735888b583c\",\"name\":\"Balmant, Ocimara (Contractor)\",\"image\":{\"@type\":\"ImageObject\",\"inLanguage\":\"pt-BR\",\"@id\":\"https:\\\/\\\/secure.gravatar.com\\\/avatar\\\/99eee4fefaaebeb8ea19e81df8a523a124b97ae6fcf25a8aa2c25236147410a7?s=96&d=mm&r=g\",\"url\":\"https:\\\/\\\/secure.gravatar.com\\\/avatar\\\/99eee4fefaaebeb8ea19e81df8a523a124b97ae6fcf25a8aa2c25236147410a7?s=96&d=mm&r=g\",\"contentUrl\":\"https:\\\/\\\/secure.gravatar.com\\\/avatar\\\/99eee4fefaaebeb8ea19e81df8a523a124b97ae6fcf25a8aa2c25236147410a7?s=96&d=mm&r=g\",\"caption\":\"Balmant, Ocimara (Contractor)\"},\"url\":\"https:\\\/\\\/www.equilibrio-petfood.com\\\/pt-br\\\/author\\\/ocimara-balmant-contractoradm-com\\\/\"}]}<\/script>\n<!-- \/ Yoast SEO plugin. -->","yoast_head_json":{"title":"Fenda palatina em c\u00e3es: descubra se tem solu\u00e7\u00e3o - Equilibro","description":"Os c\u00e3es com fenda palatina nascem com uma m\u00e1-forma\u00e7\u00e3o no c\u00e9u da boca, o que pode causar problemas de sa\u00fade logo nos primeiros dias de vida.","robots":{"index":"index","follow":"follow","max-snippet":"max-snippet:-1","max-image-preview":"max-image-preview:large","max-video-preview":"max-video-preview:-1"},"canonical":"https:\/\/www.equilibrio-petfood.com\/pt-br\/2024\/03\/08\/fenda-palatina-caes\/","og_locale":"pt_BR","og_type":"article","og_title":"Fenda palatina em c\u00e3es: descubra se tem solu\u00e7\u00e3o - Equilibro","og_description":"Os c\u00e3es com fenda palatina nascem com uma m\u00e1-forma\u00e7\u00e3o no c\u00e9u da boca, o que pode causar problemas de sa\u00fade logo nos primeiros dias de vida.","og_url":"https:\/\/www.equilibrio-petfood.com\/pt-br\/2024\/03\/08\/fenda-palatina-caes\/","og_site_name":"Equilibro","article_published_time":"2024-03-08T17:07:07+00:00","article_modified_time":"2024-03-08T17:11:34+00:00","og_image":[{"width":1280,"height":850,"url":"https:\/\/www.equilibrio-petfood.com\/wp-content\/uploads\/2024\/03\/dog-983014_1280.jpg","type":"image\/jpeg"}],"author":"Balmant, Ocimara (Contractor)","twitter_card":"summary_large_image","twitter_misc":{"Escrito por":"Balmant, Ocimara (Contractor)","Est. tempo de leitura":"4 minutos"},"schema":{"@context":"https:\/\/schema.org","@graph":[{"@type":"Article","@id":"https:\/\/www.equilibrio-petfood.com\/pt-br\/2024\/03\/08\/fenda-palatina-caes\/#article","isPartOf":{"@id":"https:\/\/www.equilibrio-petfood.com\/pt-br\/2024\/03\/08\/fenda-palatina-caes\/"},"author":{"name":"Balmant, Ocimara (Contractor)","@id":"https:\/\/www.equilibrio-petfood.com\/pt-br\/#\/schema\/person\/8621262ab642dcf847840735888b583c"},"headline":"Fenda palatina em c\u00e3es: descubra se tem solu\u00e7\u00e3o","datePublished":"2024-03-08T17:07:07+00:00","dateModified":"2024-03-08T17:11:34+00:00","mainEntityOfPage":{"@id":"https:\/\/www.equilibrio-petfood.com\/pt-br\/2024\/03\/08\/fenda-palatina-caes\/"},"wordCount":744,"commentCount":0,"image":{"@id":"https:\/\/www.equilibrio-petfood.com\/pt-br\/2024\/03\/08\/fenda-palatina-caes\/#primaryimage"},"thumbnailUrl":"https:\/\/www.equilibrio-petfood.com\/wp-content\/uploads\/2024\/03\/dog-983014_1280.jpg","articleSection":["Sa\u00fade"],"inLanguage":"pt-BR","potentialAction":[{"@type":"CommentAction","name":"Comment","target":["https:\/\/www.equilibrio-petfood.com\/pt-br\/2024\/03\/08\/fenda-palatina-caes\/#respond"]}]},{"@type":"WebPage","@id":"https:\/\/www.equilibrio-petfood.com\/pt-br\/2024\/03\/08\/fenda-palatina-caes\/","url":"https:\/\/www.equilibrio-petfood.com\/pt-br\/2024\/03\/08\/fenda-palatina-caes\/","name":"Fenda palatina em c\u00e3es: descubra se tem solu\u00e7\u00e3o - Equilibro","isPartOf":{"@id":"https:\/\/www.equilibrio-petfood.com\/pt-br\/#website"},"primaryImageOfPage":{"@id":"https:\/\/www.equilibrio-petfood.com\/pt-br\/2024\/03\/08\/fenda-palatina-caes\/#primaryimage"},"image":{"@id":"https:\/\/www.equilibrio-petfood.com\/pt-br\/2024\/03\/08\/fenda-palatina-caes\/#primaryimage"},"thumbnailUrl":"https:\/\/www.equilibrio-petfood.com\/wp-content\/uploads\/2024\/03\/dog-983014_1280.jpg","datePublished":"2024-03-08T17:07:07+00:00","dateModified":"2024-03-08T17:11:34+00:00","author":{"@id":"https:\/\/www.equilibrio-petfood.com\/pt-br\/#\/schema\/person\/8621262ab642dcf847840735888b583c"},"description":"Os c\u00e3es com fenda palatina nascem com uma m\u00e1-forma\u00e7\u00e3o no c\u00e9u da boca, o que pode causar problemas de sa\u00fade logo nos primeiros dias de vida.","breadcrumb":{"@id":"https:\/\/www.equilibrio-petfood.com\/pt-br\/2024\/03\/08\/fenda-palatina-caes\/#breadcrumb"},"inLanguage":"pt-BR","potentialAction":[{"@type":"ReadAction","target":["https:\/\/www.equilibrio-petfood.com\/pt-br\/2024\/03\/08\/fenda-palatina-caes\/"]}]},{"@type":"ImageObject","inLanguage":"pt-BR","@id":"https:\/\/www.equilibrio-petfood.com\/pt-br\/2024\/03\/08\/fenda-palatina-caes\/#primaryimage","url":"https:\/\/www.equilibrio-petfood.com\/wp-content\/uploads\/2024\/03\/dog-983014_1280.jpg","contentUrl":"https:\/\/www.equilibrio-petfood.com\/wp-content\/uploads\/2024\/03\/dog-983014_1280.jpg","width":1280,"height":850},{"@type":"BreadcrumbList","@id":"https:\/\/www.equilibrio-petfood.com\/pt-br\/2024\/03\/08\/fenda-palatina-caes\/#breadcrumb","itemListElement":[{"@type":"ListItem","position":1,"name":"P\u00e1gina inicial","item":"https:\/\/www.equilibrio-petfood.com\/pt-br\/"},{"@type":"ListItem","position":2,"name":"Fenda palatina em c\u00e3es: descubra se tem solu\u00e7\u00e3o"}]},{"@type":"WebSite","@id":"https:\/\/www.equilibrio-petfood.com\/pt-br\/#website","url":"https:\/\/www.equilibrio-petfood.com\/pt-br\/","name":"Equilibro","description":"","potentialAction":[{"@type":"SearchAction","target":{"@type":"EntryPoint","urlTemplate":"https:\/\/www.equilibrio-petfood.com\/pt-br\/?s={search_term_string}"},"query-input":{"@type":"PropertyValueSpecification","valueRequired":true,"valueName":"search_term_string"}}],"inLanguage":"pt-BR"},{"@type":"Person","@id":"https:\/\/www.equilibrio-petfood.com\/pt-br\/#\/schema\/person\/8621262ab642dcf847840735888b583c","name":"Balmant, Ocimara (Contractor)","image":{"@type":"ImageObject","inLanguage":"pt-BR","@id":"https:\/\/secure.gravatar.com\/avatar\/99eee4fefaaebeb8ea19e81df8a523a124b97ae6fcf25a8aa2c25236147410a7?s=96&d=mm&r=g","url":"https:\/\/secure.gravatar.com\/avatar\/99eee4fefaaebeb8ea19e81df8a523a124b97ae6fcf25a8aa2c25236147410a7?s=96&d=mm&r=g","contentUrl":"https:\/\/secure.gravatar.com\/avatar\/99eee4fefaaebeb8ea19e81df8a523a124b97ae6fcf25a8aa2c25236147410a7?s=96&d=mm&r=g","caption":"Balmant, Ocimara (Contractor)"},"url":"https:\/\/www.equilibrio-petfood.com\/pt-br\/author\/ocimara-balmant-contractoradm-com\/"}]}},"_links":{"self":[{"href":"https:\/\/www.equilibrio-petfood.com\/pt-br\/wp-json\/wp\/v2\/posts\/4880","targetHints":{"allow":["GET"]}}],"collection":[{"href":"https:\/\/www.equilibrio-petfood.com\/pt-br\/wp-json\/wp\/v2\/posts"}],"about":[{"href":"https:\/\/www.equilibrio-petfood.com\/pt-br\/wp-json\/wp\/v2\/types\/post"}],"author":[{"embeddable":true,"href":"https:\/\/www.equilibrio-petfood.com\/pt-br\/wp-json\/wp\/v2\/users\/15"}],"replies":[{"embeddable":true,"href":"https:\/\/www.equilibrio-petfood.com\/pt-br\/wp-json\/wp\/v2\/comments?post=4880"}],"version-history":[{"count":1,"href":"https:\/\/www.equilibrio-petfood.com\/pt-br\/wp-json\/wp\/v2\/posts\/4880\/revisions"}],"predecessor-version":[{"id":4881,"href":"https:\/\/www.equilibrio-petfood.com\/pt-br\/wp-json\/wp\/v2\/posts\/4880\/revisions\/4881"}],"wp:featuredmedia":[{"embeddable":true,"href":"https:\/\/www.equilibrio-petfood.com\/pt-br\/wp-json\/wp\/v2\/media\/4883"}],"wp:attachment":[{"href":"https:\/\/www.equilibrio-petfood.com\/pt-br\/wp-json\/wp\/v2\/media?parent=4880"}],"wp:term":[{"taxonomy":"category","embeddable":true,"href":"https:\/\/www.equilibrio-petfood.com\/pt-br\/wp-json\/wp\/v2\/categories?post=4880"},{"taxonomy":"post_tag","embeddable":true,"href":"https:\/\/www.equilibrio-petfood.com\/pt-br\/wp-json\/wp\/v2\/tags?post=4880"}],"curies":[{"name":"wp","href":"https:\/\/api.w.org\/{rel}","templated":true}]}}