{"id":4868,"date":"2024-03-08T13:55:30","date_gmt":"2024-03-08T16:55:30","guid":{"rendered":"https:\/\/www.equilibrio-petfood.com\/?p=4868"},"modified":"2024-03-08T13:57:30","modified_gmt":"2024-03-08T16:57:30","slug":"cachorro-parou-de-andar","status":"publish","type":"post","link":"https:\/\/www.equilibrio-petfood.com\/pt-br\/2024\/03\/08\/cachorro-parou-de-andar\/","title":{"rendered":"Seu cachorro parou de andar? Veja o que fazer"},"content":{"rendered":"\n<p>Seu c\u00e3o era um animal ativo e, de repente, est\u00e1 com dificuldade para andar? Essa falta de mobilidade pode ser causada por dores, les\u00f5es e, at\u00e9 mesmo, m\u00e1-forma\u00e7\u00e3o \u00f3ssea. Antes de criar mil teorias sobre o que pode ser, \u00e9 importante observar bem o seu cachorro e saber como relatar esse comportamento para o veterin\u00e1rio.&nbsp;<\/p>\n\n\n\n<p>A seguir, vamos te mostrar como avaliar o seu c\u00e3o e quais s\u00e3o as poss\u00edveis causas para ele ter parado de andar. Confira:<\/p>\n\n\n\n<p><strong>Como avaliar se o seu c\u00e3o est\u00e1 parando de andar\u00a0<\/strong><\/p>\n\n\n\n<p>Parece ser algo muito \u00f3bvio chegar ao veterin\u00e1rio e falar que o seu cachorro parou de andar. Mas n\u00e3o \u00e9 bem assim que isso acontece. Geralmente, at\u00e9 que o c\u00e3o tenha os movimentos completamente paralisados, ele apresenta diversos sintomas que podem ser avaliados e listados ao m\u00e9dico-veterin\u00e1rio, como:&nbsp;<\/p>\n\n\n\n<ul class=\"wp-block-list\">\n<li>Dificuldade para se levantar ou caminhar;<\/li>\n\n\n\n<li>Perda de equil\u00edbrio ou coordena\u00e7\u00e3o motora;<\/li>\n\n\n\n<li>Fraqueza muscular;<\/li>\n\n\n\n<li>Dor ou rigidez na coluna vertebral;<\/li>\n\n\n\n<li>Mudan\u00e7as no comportamento, como letargia ou falta de apetite;<\/li>\n\n\n\n<li>Incontin\u00eancia urin\u00e1ria ou fecal.<\/li>\n<\/ul>\n\n\n\n<p>Lembre-se de relatar ao profissional quando os sintomas come\u00e7aram, as datas das \u00faltimas vacinas, se o cachorro passou por algum trauma (como acidente ou queda) e se o comportamento cotidiano sofreu mudan\u00e7as.&nbsp;<\/p>\n\n\n\n<p>Com essas informa\u00e7\u00f5es, o veterin\u00e1rio ser\u00e1 capaz de seguir um protocolo adequado e realizar exames assertivos para descobrir por que o seu cachorro parou de andar.&nbsp;<\/p>\n\n\n\n<p>\u00c9 importante nunca dar rem\u00e9dios por conta pr\u00f3pria ao seu c\u00e3o, pois isso pode agravar ou esconder sintomas importantes durante a avalia\u00e7\u00e3o m\u00e9dica. Al\u00e9m disso, alguns medicamentos podem ser t\u00f3xicos para os c\u00e3es, e o uso inadequado deles pode levar a danos irrevers\u00edveis ao sistema nervoso central e a outros \u00f3rg\u00e3os do animal.<\/p>\n\n\n\n<p><strong>8 causas para o cachorro parar de andar<\/strong><\/p>\n\n\n\n<p>Para que um c\u00e3o pare de andar, \u00e9 necess\u00e1rio que haja algum dano ou interrup\u00e7\u00e3o na transmiss\u00e3o dos sinais nervosos entre a medula espinhal e os membros do animal. Muitos associam a dificuldade ou perda da locomo\u00e7\u00e3o com problemas nas articula\u00e7\u00f5es ou velhice. Infelizmente, n\u00e3o \u00e9 s\u00f3 isso.&nbsp;<\/p>\n\n\n\n<p>Mesmo que ao chegar na terceira idade o c\u00e3o possa ser acometido pela artrite (inflama\u00e7\u00e3o das articula\u00e7\u00f5es) e ter dificuldade para se locomover, h\u00e1 outros motivos que podem fazer com que um cachorro pare de andar. Veja quais s\u00e3o:&nbsp;<\/p>\n\n\n\n<p><strong>1. Les\u00e3o na coluna vertebral\u00a0<\/strong><\/p>\n\n\n\n<p>Pode ser decorrente de quedas, atropelamentos ou machucados mais graves que comprimam o canal da medula, provocando uma interrup\u00e7\u00e3o nos sinais nervosos.&nbsp;<\/p>\n\n\n\n<p><strong>2. Doen\u00e7a degenerativa do disco intervertebral<\/strong><\/p>\n\n\n\n<p>Consiste na perda do l\u00edquido sinovial, que amortece o impacto entre as v\u00e9rtebras e tem sintomas mais gradativos, como perda de coordena\u00e7\u00e3o ou equil\u00edbrio e, \u00e0s vezes, dificuldade para levantar.<\/p>\n\n\n\n<p><strong>3. Fratura \u00f3ssea\u00a0<\/strong><\/p>\n\n\n\n<p>Isso pode acontecer tanto na coluna quanto nos membros. Mas, se a les\u00e3o for diretamente nos membros, o tutor ter\u00e1 mais facilidade de visualizar os sinais porque o c\u00e3o evita apoiar a pata machucada no ch\u00e3o.&nbsp;<\/p>\n\n\n\n<p><strong>4. Les\u00e3o muscular ou articular<\/strong><\/p>\n\n\n\n<p>Como a displasia coxofemoral ou o deslocamento de patela que, em casos mais graves, podem gerar tanta dor que o cachorro para de andar.&nbsp;<\/p>\n\n\n\n<p><strong>5. Doen\u00e7a neurol\u00f3gica<\/strong>\u00a0<\/p>\n\n\n\n<p>Como a cinomose, que provoca uma s\u00e9rie de inflama\u00e7\u00f5es no sistema nervoso central do c\u00e3o, resultando em sintomas como convuls\u00f5es, paralisia, latidos sem controle e a perda dos movimentos das patas.<\/p>\n\n\n\n<p><strong>6. Doen\u00e7a card\u00edaca<\/strong>\u00a0<\/p>\n\n\n\n<p>Se o animal sofre de problemas card\u00edacos, como a hipertrofia ou a doen\u00e7a valvar cong\u00eanita, ele pode parar de andar. Isso ocorre porque o cora\u00e7\u00e3o n\u00e3o consegue bombear sangue suficiente para o corpo, fazendo com que o cachorro se sinta cansado e sem energia para caminhar ou se mover.<\/p>\n\n\n\n<p><strong>7. Problemas respirat\u00f3rios<\/strong>\u00a0<\/p>\n\n\n\n<p>Problemas como pneumonia e prolongamento de palato fazem com que o peludo tenha dificuldade para respirar e oxigenar os principais \u00f3rg\u00e3os vitais. Isso faz com que o c\u00e3o sinta o corpo cansado e n\u00e3o consiga fazer atividades simples, como ficar de p\u00e9.&nbsp;<\/p>\n\n\n\n<p><strong>8. Intoxica\u00e7\u00e3o por subst\u00e2ncias t\u00f3xicas<\/strong>\u00a0<\/p>\n\n\n\n<p>Os c\u00e3es mais desbravadores s\u00e3o mestres em comer ou lamber algo que faz mal. Existem, por exemplo, algumas plantas que s\u00e3o t\u00f3xicas para o peludo, como a Comigo-ningu\u00e9m-pode e o Copo de Leite. Se ingeridas, elas podem causar danos ao sistema nervoso central do animal, afetando a capacidade de se mover.<\/p>\n\n\n\n<p>Se o seu cachorro parou de andar ou voc\u00ea observou algum sintoma at\u00edpico nos \u00faltimos dias, converse com um veterin\u00e1rio. S\u00f3 esse profissional pode prescrever medicamentos seguros e eficazes para tratar a condi\u00e7\u00e3o do seu c\u00e3o e garantir que ele receba o cuidado adequado para uma recupera\u00e7\u00e3o completa.<\/p>\n\n\n\n<p>Acompanhe nosso blog para dicas de sa\u00fade e cuidados com c\u00e3es e gatos. Al\u00e9m disso, siga nossas redes sociais para saber as novidades e lan\u00e7amentos de Equil\u00edbrio!&nbsp;<\/p>\n","protected":false},"excerpt":{"rendered":"<p>Seu c\u00e3o era um animal ativo e, de repente, est\u00e1 com dificuldade para andar? Essa falta de mobilidade pode ser causada por dores, les\u00f5es e, at\u00e9 mesmo, m\u00e1-forma\u00e7\u00e3o \u00f3ssea. Antes de criar mil teorias sobre o que pode ser, \u00e9 importante observar bem o seu cachorro e saber como relatar esse comportamento para o veterin\u00e1rio.&nbsp; [&hellip;]<\/p>\n","protected":false},"author":15,"featured_media":4871,"comment_status":"open","ping_status":"open","sticky":false,"template":"","format":"standard","meta":{"footnotes":""},"categories":[35],"tags":[],"class_list":["post-4868","post","type-post","status-publish","format-standard","has-post-thumbnail","hentry","category-comportamento"],"acf":[],"yoast_head":"<!-- This site is optimized with the Yoast SEO plugin v27.5 - https:\/\/yoast.com\/product\/yoast-seo-wordpress\/ -->\n<title>Seu cachorro parou de andar? Veja o que fazer - Equilibro<\/title>\n<meta name=\"description\" content=\"A falta de mobilidade nos c\u00e3es pode ser causada por dores, les\u00f5es ou m\u00e1-forma\u00e7\u00e3o \u00f3ssea. Saiba como avaliar se o seu pet est\u00e1 parando de andar.\" \/>\n<meta name=\"robots\" content=\"index, follow, max-snippet:-1, max-image-preview:large, max-video-preview:-1\" \/>\n<link rel=\"canonical\" href=\"https:\/\/www.equilibrio-petfood.com\/pt-br\/2024\/03\/08\/cachorro-parou-de-andar\/\" \/>\n<meta property=\"og:locale\" content=\"pt_BR\" \/>\n<meta property=\"og:type\" content=\"article\" \/>\n<meta property=\"og:title\" content=\"Seu cachorro parou de andar? Veja o que fazer - Equilibro\" \/>\n<meta property=\"og:description\" content=\"A falta de mobilidade nos c\u00e3es pode ser causada por dores, les\u00f5es ou m\u00e1-forma\u00e7\u00e3o \u00f3ssea. Saiba como avaliar se o seu pet est\u00e1 parando de andar.\" \/>\n<meta property=\"og:url\" content=\"https:\/\/www.equilibrio-petfood.com\/pt-br\/2024\/03\/08\/cachorro-parou-de-andar\/\" \/>\n<meta property=\"og:site_name\" content=\"Equilibro\" \/>\n<meta property=\"article:published_time\" content=\"2024-03-08T16:55:30+00:00\" \/>\n<meta property=\"article:modified_time\" content=\"2024-03-08T16:57:30+00:00\" \/>\n<meta property=\"og:image\" content=\"https:\/\/www.equilibrio-petfood.com\/wp-content\/uploads\/2024\/03\/woman-walking-autumn-park-happy-scaled.jpg\" \/>\n\t<meta property=\"og:image:width\" content=\"2560\" \/>\n\t<meta property=\"og:image:height\" content=\"1706\" \/>\n\t<meta property=\"og:image:type\" content=\"image\/jpeg\" \/>\n<meta name=\"author\" content=\"Balmant, Ocimara (Contractor)\" \/>\n<meta name=\"twitter:card\" content=\"summary_large_image\" \/>\n<meta name=\"twitter:label1\" content=\"Escrito por\" \/>\n\t<meta name=\"twitter:data1\" content=\"Balmant, Ocimara (Contractor)\" \/>\n\t<meta name=\"twitter:label2\" content=\"Est. tempo de leitura\" \/>\n\t<meta name=\"twitter:data2\" content=\"5 minutos\" \/>\n<script type=\"application\/ld+json\" class=\"yoast-schema-graph\">{\"@context\":\"https:\\\/\\\/schema.org\",\"@graph\":[{\"@type\":\"Article\",\"@id\":\"https:\\\/\\\/www.equilibrio-petfood.com\\\/pt-br\\\/2024\\\/03\\\/08\\\/cachorro-parou-de-andar\\\/#article\",\"isPartOf\":{\"@id\":\"https:\\\/\\\/www.equilibrio-petfood.com\\\/pt-br\\\/2024\\\/03\\\/08\\\/cachorro-parou-de-andar\\\/\"},\"author\":{\"name\":\"Balmant, Ocimara (Contractor)\",\"@id\":\"https:\\\/\\\/www.equilibrio-petfood.com\\\/pt-br\\\/#\\\/schema\\\/person\\\/8621262ab642dcf847840735888b583c\"},\"headline\":\"Seu cachorro parou de andar? Veja o que fazer\",\"datePublished\":\"2024-03-08T16:55:30+00:00\",\"dateModified\":\"2024-03-08T16:57:30+00:00\",\"mainEntityOfPage\":{\"@id\":\"https:\\\/\\\/www.equilibrio-petfood.com\\\/pt-br\\\/2024\\\/03\\\/08\\\/cachorro-parou-de-andar\\\/\"},\"wordCount\":864,\"commentCount\":0,\"image\":{\"@id\":\"https:\\\/\\\/www.equilibrio-petfood.com\\\/pt-br\\\/2024\\\/03\\\/08\\\/cachorro-parou-de-andar\\\/#primaryimage\"},\"thumbnailUrl\":\"https:\\\/\\\/www.equilibrio-petfood.com\\\/wp-content\\\/uploads\\\/2024\\\/03\\\/woman-walking-autumn-park-happy-scaled.jpg\",\"articleSection\":[\"Comportamento\"],\"inLanguage\":\"pt-BR\",\"potentialAction\":[{\"@type\":\"CommentAction\",\"name\":\"Comment\",\"target\":[\"https:\\\/\\\/www.equilibrio-petfood.com\\\/pt-br\\\/2024\\\/03\\\/08\\\/cachorro-parou-de-andar\\\/#respond\"]}]},{\"@type\":\"WebPage\",\"@id\":\"https:\\\/\\\/www.equilibrio-petfood.com\\\/pt-br\\\/2024\\\/03\\\/08\\\/cachorro-parou-de-andar\\\/\",\"url\":\"https:\\\/\\\/www.equilibrio-petfood.com\\\/pt-br\\\/2024\\\/03\\\/08\\\/cachorro-parou-de-andar\\\/\",\"name\":\"Seu cachorro parou de andar? Veja o que fazer - Equilibro\",\"isPartOf\":{\"@id\":\"https:\\\/\\\/www.equilibrio-petfood.com\\\/pt-br\\\/#website\"},\"primaryImageOfPage\":{\"@id\":\"https:\\\/\\\/www.equilibrio-petfood.com\\\/pt-br\\\/2024\\\/03\\\/08\\\/cachorro-parou-de-andar\\\/#primaryimage\"},\"image\":{\"@id\":\"https:\\\/\\\/www.equilibrio-petfood.com\\\/pt-br\\\/2024\\\/03\\\/08\\\/cachorro-parou-de-andar\\\/#primaryimage\"},\"thumbnailUrl\":\"https:\\\/\\\/www.equilibrio-petfood.com\\\/wp-content\\\/uploads\\\/2024\\\/03\\\/woman-walking-autumn-park-happy-scaled.jpg\",\"datePublished\":\"2024-03-08T16:55:30+00:00\",\"dateModified\":\"2024-03-08T16:57:30+00:00\",\"author\":{\"@id\":\"https:\\\/\\\/www.equilibrio-petfood.com\\\/pt-br\\\/#\\\/schema\\\/person\\\/8621262ab642dcf847840735888b583c\"},\"description\":\"A falta de mobilidade nos c\u00e3es pode ser causada por dores, les\u00f5es ou m\u00e1-forma\u00e7\u00e3o \u00f3ssea. Saiba como avaliar se o seu pet est\u00e1 parando de andar.\",\"breadcrumb\":{\"@id\":\"https:\\\/\\\/www.equilibrio-petfood.com\\\/pt-br\\\/2024\\\/03\\\/08\\\/cachorro-parou-de-andar\\\/#breadcrumb\"},\"inLanguage\":\"pt-BR\",\"potentialAction\":[{\"@type\":\"ReadAction\",\"target\":[\"https:\\\/\\\/www.equilibrio-petfood.com\\\/pt-br\\\/2024\\\/03\\\/08\\\/cachorro-parou-de-andar\\\/\"]}]},{\"@type\":\"ImageObject\",\"inLanguage\":\"pt-BR\",\"@id\":\"https:\\\/\\\/www.equilibrio-petfood.com\\\/pt-br\\\/2024\\\/03\\\/08\\\/cachorro-parou-de-andar\\\/#primaryimage\",\"url\":\"https:\\\/\\\/www.equilibrio-petfood.com\\\/wp-content\\\/uploads\\\/2024\\\/03\\\/woman-walking-autumn-park-happy-scaled.jpg\",\"contentUrl\":\"https:\\\/\\\/www.equilibrio-petfood.com\\\/wp-content\\\/uploads\\\/2024\\\/03\\\/woman-walking-autumn-park-happy-scaled.jpg\",\"width\":2560,\"height\":1706},{\"@type\":\"BreadcrumbList\",\"@id\":\"https:\\\/\\\/www.equilibrio-petfood.com\\\/pt-br\\\/2024\\\/03\\\/08\\\/cachorro-parou-de-andar\\\/#breadcrumb\",\"itemListElement\":[{\"@type\":\"ListItem\",\"position\":1,\"name\":\"P\u00e1gina inicial\",\"item\":\"https:\\\/\\\/www.equilibrio-petfood.com\\\/pt-br\\\/\"},{\"@type\":\"ListItem\",\"position\":2,\"name\":\"Seu cachorro parou de andar? Veja o que fazer\"}]},{\"@type\":\"WebSite\",\"@id\":\"https:\\\/\\\/www.equilibrio-petfood.com\\\/pt-br\\\/#website\",\"url\":\"https:\\\/\\\/www.equilibrio-petfood.com\\\/pt-br\\\/\",\"name\":\"Equilibro\",\"description\":\"\",\"potentialAction\":[{\"@type\":\"SearchAction\",\"target\":{\"@type\":\"EntryPoint\",\"urlTemplate\":\"https:\\\/\\\/www.equilibrio-petfood.com\\\/pt-br\\\/?s={search_term_string}\"},\"query-input\":{\"@type\":\"PropertyValueSpecification\",\"valueRequired\":true,\"valueName\":\"search_term_string\"}}],\"inLanguage\":\"pt-BR\"},{\"@type\":\"Person\",\"@id\":\"https:\\\/\\\/www.equilibrio-petfood.com\\\/pt-br\\\/#\\\/schema\\\/person\\\/8621262ab642dcf847840735888b583c\",\"name\":\"Balmant, Ocimara (Contractor)\",\"image\":{\"@type\":\"ImageObject\",\"inLanguage\":\"pt-BR\",\"@id\":\"https:\\\/\\\/secure.gravatar.com\\\/avatar\\\/99eee4fefaaebeb8ea19e81df8a523a124b97ae6fcf25a8aa2c25236147410a7?s=96&d=mm&r=g\",\"url\":\"https:\\\/\\\/secure.gravatar.com\\\/avatar\\\/99eee4fefaaebeb8ea19e81df8a523a124b97ae6fcf25a8aa2c25236147410a7?s=96&d=mm&r=g\",\"contentUrl\":\"https:\\\/\\\/secure.gravatar.com\\\/avatar\\\/99eee4fefaaebeb8ea19e81df8a523a124b97ae6fcf25a8aa2c25236147410a7?s=96&d=mm&r=g\",\"caption\":\"Balmant, Ocimara (Contractor)\"},\"url\":\"https:\\\/\\\/www.equilibrio-petfood.com\\\/pt-br\\\/author\\\/ocimara-balmant-contractoradm-com\\\/\"}]}<\/script>\n<!-- \/ Yoast SEO plugin. -->","yoast_head_json":{"title":"Seu cachorro parou de andar? Veja o que fazer - Equilibro","description":"A falta de mobilidade nos c\u00e3es pode ser causada por dores, les\u00f5es ou m\u00e1-forma\u00e7\u00e3o \u00f3ssea. Saiba como avaliar se o seu pet est\u00e1 parando de andar.","robots":{"index":"index","follow":"follow","max-snippet":"max-snippet:-1","max-image-preview":"max-image-preview:large","max-video-preview":"max-video-preview:-1"},"canonical":"https:\/\/www.equilibrio-petfood.com\/pt-br\/2024\/03\/08\/cachorro-parou-de-andar\/","og_locale":"pt_BR","og_type":"article","og_title":"Seu cachorro parou de andar? Veja o que fazer - Equilibro","og_description":"A falta de mobilidade nos c\u00e3es pode ser causada por dores, les\u00f5es ou m\u00e1-forma\u00e7\u00e3o \u00f3ssea. Saiba como avaliar se o seu pet est\u00e1 parando de andar.","og_url":"https:\/\/www.equilibrio-petfood.com\/pt-br\/2024\/03\/08\/cachorro-parou-de-andar\/","og_site_name":"Equilibro","article_published_time":"2024-03-08T16:55:30+00:00","article_modified_time":"2024-03-08T16:57:30+00:00","og_image":[{"width":2560,"height":1706,"url":"https:\/\/www.equilibrio-petfood.com\/wp-content\/uploads\/2024\/03\/woman-walking-autumn-park-happy-scaled.jpg","type":"image\/jpeg"}],"author":"Balmant, Ocimara (Contractor)","twitter_card":"summary_large_image","twitter_misc":{"Escrito por":"Balmant, Ocimara (Contractor)","Est. tempo de leitura":"5 minutos"},"schema":{"@context":"https:\/\/schema.org","@graph":[{"@type":"Article","@id":"https:\/\/www.equilibrio-petfood.com\/pt-br\/2024\/03\/08\/cachorro-parou-de-andar\/#article","isPartOf":{"@id":"https:\/\/www.equilibrio-petfood.com\/pt-br\/2024\/03\/08\/cachorro-parou-de-andar\/"},"author":{"name":"Balmant, Ocimara (Contractor)","@id":"https:\/\/www.equilibrio-petfood.com\/pt-br\/#\/schema\/person\/8621262ab642dcf847840735888b583c"},"headline":"Seu cachorro parou de andar? Veja o que fazer","datePublished":"2024-03-08T16:55:30+00:00","dateModified":"2024-03-08T16:57:30+00:00","mainEntityOfPage":{"@id":"https:\/\/www.equilibrio-petfood.com\/pt-br\/2024\/03\/08\/cachorro-parou-de-andar\/"},"wordCount":864,"commentCount":0,"image":{"@id":"https:\/\/www.equilibrio-petfood.com\/pt-br\/2024\/03\/08\/cachorro-parou-de-andar\/#primaryimage"},"thumbnailUrl":"https:\/\/www.equilibrio-petfood.com\/wp-content\/uploads\/2024\/03\/woman-walking-autumn-park-happy-scaled.jpg","articleSection":["Comportamento"],"inLanguage":"pt-BR","potentialAction":[{"@type":"CommentAction","name":"Comment","target":["https:\/\/www.equilibrio-petfood.com\/pt-br\/2024\/03\/08\/cachorro-parou-de-andar\/#respond"]}]},{"@type":"WebPage","@id":"https:\/\/www.equilibrio-petfood.com\/pt-br\/2024\/03\/08\/cachorro-parou-de-andar\/","url":"https:\/\/www.equilibrio-petfood.com\/pt-br\/2024\/03\/08\/cachorro-parou-de-andar\/","name":"Seu cachorro parou de andar? Veja o que fazer - Equilibro","isPartOf":{"@id":"https:\/\/www.equilibrio-petfood.com\/pt-br\/#website"},"primaryImageOfPage":{"@id":"https:\/\/www.equilibrio-petfood.com\/pt-br\/2024\/03\/08\/cachorro-parou-de-andar\/#primaryimage"},"image":{"@id":"https:\/\/www.equilibrio-petfood.com\/pt-br\/2024\/03\/08\/cachorro-parou-de-andar\/#primaryimage"},"thumbnailUrl":"https:\/\/www.equilibrio-petfood.com\/wp-content\/uploads\/2024\/03\/woman-walking-autumn-park-happy-scaled.jpg","datePublished":"2024-03-08T16:55:30+00:00","dateModified":"2024-03-08T16:57:30+00:00","author":{"@id":"https:\/\/www.equilibrio-petfood.com\/pt-br\/#\/schema\/person\/8621262ab642dcf847840735888b583c"},"description":"A falta de mobilidade nos c\u00e3es pode ser causada por dores, les\u00f5es ou m\u00e1-forma\u00e7\u00e3o \u00f3ssea. Saiba como avaliar se o seu pet est\u00e1 parando de andar.","breadcrumb":{"@id":"https:\/\/www.equilibrio-petfood.com\/pt-br\/2024\/03\/08\/cachorro-parou-de-andar\/#breadcrumb"},"inLanguage":"pt-BR","potentialAction":[{"@type":"ReadAction","target":["https:\/\/www.equilibrio-petfood.com\/pt-br\/2024\/03\/08\/cachorro-parou-de-andar\/"]}]},{"@type":"ImageObject","inLanguage":"pt-BR","@id":"https:\/\/www.equilibrio-petfood.com\/pt-br\/2024\/03\/08\/cachorro-parou-de-andar\/#primaryimage","url":"https:\/\/www.equilibrio-petfood.com\/wp-content\/uploads\/2024\/03\/woman-walking-autumn-park-happy-scaled.jpg","contentUrl":"https:\/\/www.equilibrio-petfood.com\/wp-content\/uploads\/2024\/03\/woman-walking-autumn-park-happy-scaled.jpg","width":2560,"height":1706},{"@type":"BreadcrumbList","@id":"https:\/\/www.equilibrio-petfood.com\/pt-br\/2024\/03\/08\/cachorro-parou-de-andar\/#breadcrumb","itemListElement":[{"@type":"ListItem","position":1,"name":"P\u00e1gina inicial","item":"https:\/\/www.equilibrio-petfood.com\/pt-br\/"},{"@type":"ListItem","position":2,"name":"Seu cachorro parou de andar? Veja o que fazer"}]},{"@type":"WebSite","@id":"https:\/\/www.equilibrio-petfood.com\/pt-br\/#website","url":"https:\/\/www.equilibrio-petfood.com\/pt-br\/","name":"Equilibro","description":"","potentialAction":[{"@type":"SearchAction","target":{"@type":"EntryPoint","urlTemplate":"https:\/\/www.equilibrio-petfood.com\/pt-br\/?s={search_term_string}"},"query-input":{"@type":"PropertyValueSpecification","valueRequired":true,"valueName":"search_term_string"}}],"inLanguage":"pt-BR"},{"@type":"Person","@id":"https:\/\/www.equilibrio-petfood.com\/pt-br\/#\/schema\/person\/8621262ab642dcf847840735888b583c","name":"Balmant, Ocimara (Contractor)","image":{"@type":"ImageObject","inLanguage":"pt-BR","@id":"https:\/\/secure.gravatar.com\/avatar\/99eee4fefaaebeb8ea19e81df8a523a124b97ae6fcf25a8aa2c25236147410a7?s=96&d=mm&r=g","url":"https:\/\/secure.gravatar.com\/avatar\/99eee4fefaaebeb8ea19e81df8a523a124b97ae6fcf25a8aa2c25236147410a7?s=96&d=mm&r=g","contentUrl":"https:\/\/secure.gravatar.com\/avatar\/99eee4fefaaebeb8ea19e81df8a523a124b97ae6fcf25a8aa2c25236147410a7?s=96&d=mm&r=g","caption":"Balmant, Ocimara (Contractor)"},"url":"https:\/\/www.equilibrio-petfood.com\/pt-br\/author\/ocimara-balmant-contractoradm-com\/"}]}},"_links":{"self":[{"href":"https:\/\/www.equilibrio-petfood.com\/pt-br\/wp-json\/wp\/v2\/posts\/4868","targetHints":{"allow":["GET"]}}],"collection":[{"href":"https:\/\/www.equilibrio-petfood.com\/pt-br\/wp-json\/wp\/v2\/posts"}],"about":[{"href":"https:\/\/www.equilibrio-petfood.com\/pt-br\/wp-json\/wp\/v2\/types\/post"}],"author":[{"embeddable":true,"href":"https:\/\/www.equilibrio-petfood.com\/pt-br\/wp-json\/wp\/v2\/users\/15"}],"replies":[{"embeddable":true,"href":"https:\/\/www.equilibrio-petfood.com\/pt-br\/wp-json\/wp\/v2\/comments?post=4868"}],"version-history":[{"count":1,"href":"https:\/\/www.equilibrio-petfood.com\/pt-br\/wp-json\/wp\/v2\/posts\/4868\/revisions"}],"predecessor-version":[{"id":4869,"href":"https:\/\/www.equilibrio-petfood.com\/pt-br\/wp-json\/wp\/v2\/posts\/4868\/revisions\/4869"}],"wp:featuredmedia":[{"embeddable":true,"href":"https:\/\/www.equilibrio-petfood.com\/pt-br\/wp-json\/wp\/v2\/media\/4871"}],"wp:attachment":[{"href":"https:\/\/www.equilibrio-petfood.com\/pt-br\/wp-json\/wp\/v2\/media?parent=4868"}],"wp:term":[{"taxonomy":"category","embeddable":true,"href":"https:\/\/www.equilibrio-petfood.com\/pt-br\/wp-json\/wp\/v2\/categories?post=4868"},{"taxonomy":"post_tag","embeddable":true,"href":"https:\/\/www.equilibrio-petfood.com\/pt-br\/wp-json\/wp\/v2\/tags?post=4868"}],"curies":[{"name":"wp","href":"https:\/\/api.w.org\/{rel}","templated":true}]}}