{"id":1686,"date":"2023-01-04T15:38:29","date_gmt":"2023-01-04T18:38:29","guid":{"rendered":"https:\/\/www.br.equilibrio-petfood.com\/?p=1686"},"modified":"2023-02-23T12:13:52","modified_gmt":"2023-02-23T15:13:52","slug":"cachorro-tem-depressao","status":"publish","type":"post","link":"https:\/\/www.equilibrio-petfood.com\/pt-br\/2023\/01\/04\/cachorro-tem-depressao\/","title":{"rendered":"CACHORRO TEM DEPRESS\u00c3O?"},"content":{"rendered":"\n<p>Sim. Assim como n\u00f3s,&nbsp;<strong>cachorro tem depress\u00e3o<\/strong>. Os c\u00e3es s\u00e3o seres sencientes, ou seja, possuem emo\u00e7\u00f5es e, consequentemente, tamb\u00e9m podem desenvolver problemas psicol\u00f3gicos.&nbsp;<\/p>\n\n\n\n<p>Conhe\u00e7a as causas, os sintomas e como prevenir essa doen\u00e7a.&nbsp;<\/p>\n\n\n\n<h2 class=\"wp-block-heading\">Depress\u00e3o canina: o que causa?&nbsp;<\/h2>\n\n\n\n<p>A&nbsp;<strong>depress\u00e3o em cachorro<\/strong>&nbsp;pode ser causada por diferentes motivos. Apesar de silenciosa e com ind\u00edcios sutis, \u00e9 importante saber o que est\u00e1 causando o quadro depressivo para agir o quanto antes.&nbsp;<\/p>\n\n\n\n<p>Conhe\u00e7a algumas das principais situa\u00e7\u00f5es que podem desenvolver&nbsp;<strong>depress\u00e3o nos c\u00e3es<\/strong>:&nbsp;<\/p>\n\n\n\n<ul class=\"wp-block-list\">\n<li><strong>Morte de um membro da fam\u00edlia ou de outro pet:<\/strong>&nbsp;como dito acima, os c\u00e3es t\u00eam sentimentos e isso influencia diretamente no comportamento do animal. Pode ocorrer, principalmente, quando h\u00e1 muita depend\u00eancia emocional do pet com seu tutor. Ou seja, a morte de algu\u00e9m muito pr\u00f3ximo pode facilmente desencadear uma depress\u00e3o.&nbsp;<\/li>\n\n\n\n<li><strong>Chegada de um novo membro na fam\u00edlia:<\/strong>&nbsp;qualquer mudan\u00e7a na rotina da fam\u00edlia, incluindo a presen\u00e7a de um novo membro (animal ou humano), pode deixar o&nbsp;<strong>cachorro deprimido<\/strong>. O que parece normal para n\u00f3s, pode ser muito estressante para o animal.&nbsp;<\/li>\n\n\n\n<li><strong>Falta de est\u00edmulo ou espa\u00e7o:<\/strong>&nbsp;quando o c\u00e3o passa longos per\u00edodos sozinho e sem est\u00edmulo de atividades f\u00edsicas \u2014 principalmente em ambientes pequenos \u2014 ele pode acabar desenvolvendo um quadro de depress\u00e3o.&nbsp;<\/li>\n\n\n\n<li><strong>Traumas:&nbsp;<\/strong>eventos traum\u00e1ticos tamb\u00e9m podem deixar o&nbsp;<strong>c\u00e3o com depress\u00e3o<\/strong>. Situa\u00e7\u00f5es como maus tratos e adestramento inadequado podem desencadear o problema.&nbsp;<\/li>\n<\/ul>\n\n\n\n<p>Todos esses gatilhos podem interferir na&nbsp;sa\u00fade do cachorro, pois passam a afetar a alimenta\u00e7\u00e3o, o sono e as atividades f\u00edsicas do animal.&nbsp;<\/p>\n\n\n\n<h2 class=\"wp-block-heading\">Cachorro depressivo: sintomas&nbsp;<\/h2>\n\n\n\n<p><strong>Como saber se o c\u00e3o est\u00e1 depressivo<\/strong>? Identificar os&nbsp;<strong>sintomas da depress\u00e3o canina<\/strong>&nbsp;\u00e9 imprescind\u00edvel para realizar um tratamento adequado. Veja quais s\u00e3o:&nbsp;<\/p>\n\n\n\n<p><strong>Automutila\u00e7\u00e3o:<\/strong>&nbsp;se o seu c\u00e3o estiver lambendo ou mordendo excessivamente algumas partes do corpo como patas e cauda, pode ser&nbsp;<strong>sinal de depress\u00e3o<\/strong>.&nbsp;<\/p>\n\n\n\n<p><strong>Perda de interesse nas atividades rotineiras:&nbsp;<\/strong>seu pet perdeu o interesse nas atividades que antes eram as preferidas dele? Isso pode ser sinal de depress\u00e3o. Nesse caso, o c\u00e3o gosta de ficar isolado e evitar contato com outros animais ou pessoas.&nbsp;<\/p>\n\n\n\n<p><strong>Falta de apetite:&nbsp;<\/strong>seu&nbsp;cachorro n\u00e3o quer comer? Assim como n\u00f3s, os c\u00e3es podem perder o apetite durante o quadro depressivo. Se ele come\u00e7ar a recusar com frequ\u00eancia as refei\u00e7\u00f5es, desconfie.&nbsp;<\/p>\n\n\n\n<p><strong>Sono em excesso:<\/strong>&nbsp;o&nbsp;<strong>c\u00e3o deprimido&nbsp;<\/strong>tende a dormir mais que o normal. Ele fica quieto, deitado e ignora brincadeiras. Caso ele for animado, en\u00e9rgico e feliz e \u2014 de repente \u2014 come\u00e7a a demonstrar um comportamento sonolento, fique atento.&nbsp;<\/p>\n\n\n\n<p><strong>Agressividade repentina:<\/strong>&nbsp;normalmente, o cachorro deprimido possui intoler\u00e2ncia ao toque e tenta sempre evitar carinho de outras pessoas e at\u00e9 mesmo do pr\u00f3prio tutor, demonstrando agressividade e impaci\u00eancia.&nbsp;<\/p>\n\n\n\n<h2 class=\"wp-block-heading\">Depress\u00e3o em cachorro: qual o melhor tratamento?&nbsp;<\/h2>\n\n\n\n<p>Caso notar os sintomas de&nbsp;<strong>depress\u00e3o canina&nbsp;<\/strong>no seu pet, leve-o imediatamente ao m\u00e9dico-veterin\u00e1rio. Ap\u00f3s fazer uma avalia\u00e7\u00e3o completa e descartar outras poss\u00edveis doen\u00e7as, o especialista respons\u00e1vel ser\u00e1 capaz de passar um diagn\u00f3stico correto.&nbsp;<\/p>\n\n\n\n<p>O&nbsp;<strong>tratamento da depress\u00e3o em cachorro<\/strong>&nbsp;\u00e9 baseado no uso de medicamentos para amenizar os sintomas. Lembrando que o rem\u00e9dio ideal deve ser indicado pelo m\u00e9dico-veterin\u00e1rio. N\u00e3o medique o animal por conta pr\u00f3pria sem consultar um especialista.&nbsp;<\/p>\n\n\n\n<p>Al\u00e9m disso, consultar um especialista em comportamento canino pode ajudar a descobrir os gatilhos que causaram a depress\u00e3o no animal.&nbsp;<\/p>\n\n\n\n<h2 class=\"wp-block-heading\">Como prevenir a depress\u00e3o canina?&nbsp;<\/h2>\n\n\n\n<p>Agora que voc\u00ea sabe que cachorro tem depress\u00e3o, est\u00e1 na hora de saber como prevenir a doen\u00e7a, afinal, s\u00f3 queremos o bem para os nossos pets.&nbsp;<\/p>\n\n\n\n<p><strong>Seja uma boa companhia:<\/strong>&nbsp;fa\u00e7a carinho, demonstre afeto e procure sempre ser uma boa companhia para ele. C\u00e3es gostam de aten\u00e7\u00e3o.&nbsp;<\/p>\n\n\n\n<p><strong>Estimule atividades:&nbsp;<\/strong>estabele\u00e7a uma rotina de passeios e brincadeiras com o seu pet.&nbsp;<\/p>\n\n\n\n<p><strong>Crie um ambiente interativo:&nbsp;<\/strong>se o seu pet passa muito tempo sozinho, crie um ambiente interativo para ele esquecer o t\u00e9dio. Deixe brinquedos e espa\u00e7os para ele gastar energia.&nbsp;<\/p>\n\n\n\n<p><strong>Evite mudan\u00e7as bruscas:<\/strong>&nbsp;fa\u00e7a sempre as mudan\u00e7as aos poucos, para que o pet se acostume ao longo do tempo.&nbsp;<\/p>\n","protected":false},"excerpt":{"rendered":"<p>Sim. Assim como n\u00f3s,&nbsp;cachorro tem depress\u00e3o. Os c\u00e3es s\u00e3o seres sencientes, ou seja, possuem emo\u00e7\u00f5es e, consequentemente, tamb\u00e9m podem desenvolver problemas psicol\u00f3gicos.&nbsp; Conhe\u00e7a as causas, os sintomas e como prevenir essa doen\u00e7a.&nbsp; Depress\u00e3o canina: o que causa?&nbsp; A&nbsp;depress\u00e3o em cachorro&nbsp;pode ser causada por diferentes motivos. Apesar de silenciosa e com ind\u00edcios sutis, \u00e9 importante saber [&hellip;]<\/p>\n","protected":false},"author":12,"featured_media":2742,"comment_status":"open","ping_status":"open","sticky":false,"template":"","format":"standard","meta":{"footnotes":""},"categories":[38],"tags":[],"class_list":["post-1686","post","type-post","status-publish","format-standard","has-post-thumbnail","hentry","category-saude"],"acf":[],"yoast_head":"<!-- This site is optimized with the Yoast SEO plugin v27.5 - https:\/\/yoast.com\/product\/yoast-seo-wordpress\/ -->\n<title>CACHORRO TEM DEPRESS\u00c3O? - Equilibro<\/title>\n<meta name=\"robots\" content=\"index, follow, max-snippet:-1, max-image-preview:large, max-video-preview:-1\" \/>\n<link rel=\"canonical\" href=\"https:\/\/www.equilibrio-petfood.com\/pt-br\/2023\/01\/04\/cachorro-tem-depressao\/\" \/>\n<meta property=\"og:locale\" content=\"pt_BR\" \/>\n<meta property=\"og:type\" content=\"article\" \/>\n<meta property=\"og:title\" content=\"CACHORRO TEM DEPRESS\u00c3O? - Equilibro\" \/>\n<meta property=\"og:description\" content=\"Sim. Assim como n\u00f3s,&nbsp;cachorro tem depress\u00e3o. Os c\u00e3es s\u00e3o seres sencientes, ou seja, possuem emo\u00e7\u00f5es e, consequentemente, tamb\u00e9m podem desenvolver problemas psicol\u00f3gicos.&nbsp; Conhe\u00e7a as causas, os sintomas e como prevenir essa doen\u00e7a.&nbsp; Depress\u00e3o canina: o que causa?&nbsp; A&nbsp;depress\u00e3o em cachorro&nbsp;pode ser causada por diferentes motivos. Apesar de silenciosa e com ind\u00edcios sutis, \u00e9 importante saber [&hellip;]\" \/>\n<meta property=\"og:url\" content=\"https:\/\/www.equilibrio-petfood.com\/pt-br\/2023\/01\/04\/cachorro-tem-depressao\/\" \/>\n<meta property=\"og:site_name\" content=\"Equilibro\" \/>\n<meta property=\"article:published_time\" content=\"2023-01-04T18:38:29+00:00\" \/>\n<meta property=\"article:modified_time\" content=\"2023-02-23T15:13:52+00:00\" \/>\n<meta property=\"og:image\" content=\"https:\/\/www.equilibrio-petfood.com\/wp-content\/uploads\/2023\/02\/image-251.png\" \/>\n\t<meta property=\"og:image:width\" content=\"960\" \/>\n\t<meta property=\"og:image:height\" content=\"629\" \/>\n\t<meta property=\"og:image:type\" content=\"image\/png\" \/>\n<meta name=\"author\" content=\"Aedo, Lucas\" \/>\n<meta name=\"twitter:card\" content=\"summary_large_image\" \/>\n<meta name=\"twitter:label1\" content=\"Escrito por\" \/>\n\t<meta name=\"twitter:data1\" content=\"Aedo, Lucas\" \/>\n\t<meta name=\"twitter:label2\" content=\"Est. tempo de leitura\" \/>\n\t<meta name=\"twitter:data2\" content=\"4 minutos\" \/>\n<script type=\"application\/ld+json\" class=\"yoast-schema-graph\">{\"@context\":\"https:\\\/\\\/schema.org\",\"@graph\":[{\"@type\":\"Article\",\"@id\":\"https:\\\/\\\/www.equilibrio-petfood.com\\\/pt-br\\\/2023\\\/01\\\/04\\\/cachorro-tem-depressao\\\/#article\",\"isPartOf\":{\"@id\":\"https:\\\/\\\/www.equilibrio-petfood.com\\\/pt-br\\\/2023\\\/01\\\/04\\\/cachorro-tem-depressao\\\/\"},\"author\":{\"name\":\"Aedo, Lucas\",\"@id\":\"https:\\\/\\\/www.equilibrio-petfood.com\\\/pt-br\\\/#\\\/schema\\\/person\\\/4b65b41568f7c3cac79491fdc0ba31b4\"},\"headline\":\"CACHORRO TEM DEPRESS\u00c3O?\",\"datePublished\":\"2023-01-04T18:38:29+00:00\",\"dateModified\":\"2023-02-23T15:13:52+00:00\",\"mainEntityOfPage\":{\"@id\":\"https:\\\/\\\/www.equilibrio-petfood.com\\\/pt-br\\\/2023\\\/01\\\/04\\\/cachorro-tem-depressao\\\/\"},\"wordCount\":797,\"commentCount\":0,\"image\":{\"@id\":\"https:\\\/\\\/www.equilibrio-petfood.com\\\/pt-br\\\/2023\\\/01\\\/04\\\/cachorro-tem-depressao\\\/#primaryimage\"},\"thumbnailUrl\":\"https:\\\/\\\/www.equilibrio-petfood.com\\\/wp-content\\\/uploads\\\/2023\\\/02\\\/image-251.png\",\"articleSection\":[\"Sa\u00fade\"],\"inLanguage\":\"pt-BR\",\"potentialAction\":[{\"@type\":\"CommentAction\",\"name\":\"Comment\",\"target\":[\"https:\\\/\\\/www.equilibrio-petfood.com\\\/pt-br\\\/2023\\\/01\\\/04\\\/cachorro-tem-depressao\\\/#respond\"]}]},{\"@type\":\"WebPage\",\"@id\":\"https:\\\/\\\/www.equilibrio-petfood.com\\\/pt-br\\\/2023\\\/01\\\/04\\\/cachorro-tem-depressao\\\/\",\"url\":\"https:\\\/\\\/www.equilibrio-petfood.com\\\/pt-br\\\/2023\\\/01\\\/04\\\/cachorro-tem-depressao\\\/\",\"name\":\"CACHORRO TEM DEPRESS\u00c3O? - Equilibro\",\"isPartOf\":{\"@id\":\"https:\\\/\\\/www.equilibrio-petfood.com\\\/pt-br\\\/#website\"},\"primaryImageOfPage\":{\"@id\":\"https:\\\/\\\/www.equilibrio-petfood.com\\\/pt-br\\\/2023\\\/01\\\/04\\\/cachorro-tem-depressao\\\/#primaryimage\"},\"image\":{\"@id\":\"https:\\\/\\\/www.equilibrio-petfood.com\\\/pt-br\\\/2023\\\/01\\\/04\\\/cachorro-tem-depressao\\\/#primaryimage\"},\"thumbnailUrl\":\"https:\\\/\\\/www.equilibrio-petfood.com\\\/wp-content\\\/uploads\\\/2023\\\/02\\\/image-251.png\",\"datePublished\":\"2023-01-04T18:38:29+00:00\",\"dateModified\":\"2023-02-23T15:13:52+00:00\",\"author\":{\"@id\":\"https:\\\/\\\/www.equilibrio-petfood.com\\\/pt-br\\\/#\\\/schema\\\/person\\\/4b65b41568f7c3cac79491fdc0ba31b4\"},\"breadcrumb\":{\"@id\":\"https:\\\/\\\/www.equilibrio-petfood.com\\\/pt-br\\\/2023\\\/01\\\/04\\\/cachorro-tem-depressao\\\/#breadcrumb\"},\"inLanguage\":\"pt-BR\",\"potentialAction\":[{\"@type\":\"ReadAction\",\"target\":[\"https:\\\/\\\/www.equilibrio-petfood.com\\\/pt-br\\\/2023\\\/01\\\/04\\\/cachorro-tem-depressao\\\/\"]}]},{\"@type\":\"ImageObject\",\"inLanguage\":\"pt-BR\",\"@id\":\"https:\\\/\\\/www.equilibrio-petfood.com\\\/pt-br\\\/2023\\\/01\\\/04\\\/cachorro-tem-depressao\\\/#primaryimage\",\"url\":\"https:\\\/\\\/www.equilibrio-petfood.com\\\/wp-content\\\/uploads\\\/2023\\\/02\\\/image-251.png\",\"contentUrl\":\"https:\\\/\\\/www.equilibrio-petfood.com\\\/wp-content\\\/uploads\\\/2023\\\/02\\\/image-251.png\",\"width\":960,\"height\":629},{\"@type\":\"BreadcrumbList\",\"@id\":\"https:\\\/\\\/www.equilibrio-petfood.com\\\/pt-br\\\/2023\\\/01\\\/04\\\/cachorro-tem-depressao\\\/#breadcrumb\",\"itemListElement\":[{\"@type\":\"ListItem\",\"position\":1,\"name\":\"P\u00e1gina inicial\",\"item\":\"https:\\\/\\\/www.equilibrio-petfood.com\\\/pt-br\\\/\"},{\"@type\":\"ListItem\",\"position\":2,\"name\":\"CACHORRO TEM DEPRESS\u00c3O?\"}]},{\"@type\":\"WebSite\",\"@id\":\"https:\\\/\\\/www.equilibrio-petfood.com\\\/pt-br\\\/#website\",\"url\":\"https:\\\/\\\/www.equilibrio-petfood.com\\\/pt-br\\\/\",\"name\":\"Equilibro\",\"description\":\"\",\"potentialAction\":[{\"@type\":\"SearchAction\",\"target\":{\"@type\":\"EntryPoint\",\"urlTemplate\":\"https:\\\/\\\/www.equilibrio-petfood.com\\\/pt-br\\\/?s={search_term_string}\"},\"query-input\":{\"@type\":\"PropertyValueSpecification\",\"valueRequired\":true,\"valueName\":\"search_term_string\"}}],\"inLanguage\":\"pt-BR\"},{\"@type\":\"Person\",\"@id\":\"https:\\\/\\\/www.equilibrio-petfood.com\\\/pt-br\\\/#\\\/schema\\\/person\\\/4b65b41568f7c3cac79491fdc0ba31b4\",\"name\":\"Aedo, Lucas\",\"image\":{\"@type\":\"ImageObject\",\"inLanguage\":\"pt-BR\",\"@id\":\"https:\\\/\\\/secure.gravatar.com\\\/avatar\\\/dd1659ab3e55f8172475d1b88fec7fbd72f990c5e01a6b5a074ddd4a7b48ad85?s=96&d=mm&r=g\",\"url\":\"https:\\\/\\\/secure.gravatar.com\\\/avatar\\\/dd1659ab3e55f8172475d1b88fec7fbd72f990c5e01a6b5a074ddd4a7b48ad85?s=96&d=mm&r=g\",\"contentUrl\":\"https:\\\/\\\/secure.gravatar.com\\\/avatar\\\/dd1659ab3e55f8172475d1b88fec7fbd72f990c5e01a6b5a074ddd4a7b48ad85?s=96&d=mm&r=g\",\"caption\":\"Aedo, Lucas\"},\"url\":\"https:\\\/\\\/www.equilibrio-petfood.com\\\/pt-br\\\/author\\\/lucas-aedoadm-com\\\/\"}]}<\/script>\n<!-- \/ Yoast SEO plugin. -->","yoast_head_json":{"title":"CACHORRO TEM DEPRESS\u00c3O? - Equilibro","robots":{"index":"index","follow":"follow","max-snippet":"max-snippet:-1","max-image-preview":"max-image-preview:large","max-video-preview":"max-video-preview:-1"},"canonical":"https:\/\/www.equilibrio-petfood.com\/pt-br\/2023\/01\/04\/cachorro-tem-depressao\/","og_locale":"pt_BR","og_type":"article","og_title":"CACHORRO TEM DEPRESS\u00c3O? - Equilibro","og_description":"Sim. Assim como n\u00f3s,&nbsp;cachorro tem depress\u00e3o. Os c\u00e3es s\u00e3o seres sencientes, ou seja, possuem emo\u00e7\u00f5es e, consequentemente, tamb\u00e9m podem desenvolver problemas psicol\u00f3gicos.&nbsp; Conhe\u00e7a as causas, os sintomas e como prevenir essa doen\u00e7a.&nbsp; Depress\u00e3o canina: o que causa?&nbsp; A&nbsp;depress\u00e3o em cachorro&nbsp;pode ser causada por diferentes motivos. Apesar de silenciosa e com ind\u00edcios sutis, \u00e9 importante saber [&hellip;]","og_url":"https:\/\/www.equilibrio-petfood.com\/pt-br\/2023\/01\/04\/cachorro-tem-depressao\/","og_site_name":"Equilibro","article_published_time":"2023-01-04T18:38:29+00:00","article_modified_time":"2023-02-23T15:13:52+00:00","og_image":[{"width":960,"height":629,"url":"https:\/\/www.equilibrio-petfood.com\/wp-content\/uploads\/2023\/02\/image-251.png","type":"image\/png"}],"author":"Aedo, Lucas","twitter_card":"summary_large_image","twitter_misc":{"Escrito por":"Aedo, Lucas","Est. tempo de leitura":"4 minutos"},"schema":{"@context":"https:\/\/schema.org","@graph":[{"@type":"Article","@id":"https:\/\/www.equilibrio-petfood.com\/pt-br\/2023\/01\/04\/cachorro-tem-depressao\/#article","isPartOf":{"@id":"https:\/\/www.equilibrio-petfood.com\/pt-br\/2023\/01\/04\/cachorro-tem-depressao\/"},"author":{"name":"Aedo, Lucas","@id":"https:\/\/www.equilibrio-petfood.com\/pt-br\/#\/schema\/person\/4b65b41568f7c3cac79491fdc0ba31b4"},"headline":"CACHORRO TEM DEPRESS\u00c3O?","datePublished":"2023-01-04T18:38:29+00:00","dateModified":"2023-02-23T15:13:52+00:00","mainEntityOfPage":{"@id":"https:\/\/www.equilibrio-petfood.com\/pt-br\/2023\/01\/04\/cachorro-tem-depressao\/"},"wordCount":797,"commentCount":0,"image":{"@id":"https:\/\/www.equilibrio-petfood.com\/pt-br\/2023\/01\/04\/cachorro-tem-depressao\/#primaryimage"},"thumbnailUrl":"https:\/\/www.equilibrio-petfood.com\/wp-content\/uploads\/2023\/02\/image-251.png","articleSection":["Sa\u00fade"],"inLanguage":"pt-BR","potentialAction":[{"@type":"CommentAction","name":"Comment","target":["https:\/\/www.equilibrio-petfood.com\/pt-br\/2023\/01\/04\/cachorro-tem-depressao\/#respond"]}]},{"@type":"WebPage","@id":"https:\/\/www.equilibrio-petfood.com\/pt-br\/2023\/01\/04\/cachorro-tem-depressao\/","url":"https:\/\/www.equilibrio-petfood.com\/pt-br\/2023\/01\/04\/cachorro-tem-depressao\/","name":"CACHORRO TEM DEPRESS\u00c3O? - Equilibro","isPartOf":{"@id":"https:\/\/www.equilibrio-petfood.com\/pt-br\/#website"},"primaryImageOfPage":{"@id":"https:\/\/www.equilibrio-petfood.com\/pt-br\/2023\/01\/04\/cachorro-tem-depressao\/#primaryimage"},"image":{"@id":"https:\/\/www.equilibrio-petfood.com\/pt-br\/2023\/01\/04\/cachorro-tem-depressao\/#primaryimage"},"thumbnailUrl":"https:\/\/www.equilibrio-petfood.com\/wp-content\/uploads\/2023\/02\/image-251.png","datePublished":"2023-01-04T18:38:29+00:00","dateModified":"2023-02-23T15:13:52+00:00","author":{"@id":"https:\/\/www.equilibrio-petfood.com\/pt-br\/#\/schema\/person\/4b65b41568f7c3cac79491fdc0ba31b4"},"breadcrumb":{"@id":"https:\/\/www.equilibrio-petfood.com\/pt-br\/2023\/01\/04\/cachorro-tem-depressao\/#breadcrumb"},"inLanguage":"pt-BR","potentialAction":[{"@type":"ReadAction","target":["https:\/\/www.equilibrio-petfood.com\/pt-br\/2023\/01\/04\/cachorro-tem-depressao\/"]}]},{"@type":"ImageObject","inLanguage":"pt-BR","@id":"https:\/\/www.equilibrio-petfood.com\/pt-br\/2023\/01\/04\/cachorro-tem-depressao\/#primaryimage","url":"https:\/\/www.equilibrio-petfood.com\/wp-content\/uploads\/2023\/02\/image-251.png","contentUrl":"https:\/\/www.equilibrio-petfood.com\/wp-content\/uploads\/2023\/02\/image-251.png","width":960,"height":629},{"@type":"BreadcrumbList","@id":"https:\/\/www.equilibrio-petfood.com\/pt-br\/2023\/01\/04\/cachorro-tem-depressao\/#breadcrumb","itemListElement":[{"@type":"ListItem","position":1,"name":"P\u00e1gina inicial","item":"https:\/\/www.equilibrio-petfood.com\/pt-br\/"},{"@type":"ListItem","position":2,"name":"CACHORRO TEM DEPRESS\u00c3O?"}]},{"@type":"WebSite","@id":"https:\/\/www.equilibrio-petfood.com\/pt-br\/#website","url":"https:\/\/www.equilibrio-petfood.com\/pt-br\/","name":"Equilibro","description":"","potentialAction":[{"@type":"SearchAction","target":{"@type":"EntryPoint","urlTemplate":"https:\/\/www.equilibrio-petfood.com\/pt-br\/?s={search_term_string}"},"query-input":{"@type":"PropertyValueSpecification","valueRequired":true,"valueName":"search_term_string"}}],"inLanguage":"pt-BR"},{"@type":"Person","@id":"https:\/\/www.equilibrio-petfood.com\/pt-br\/#\/schema\/person\/4b65b41568f7c3cac79491fdc0ba31b4","name":"Aedo, Lucas","image":{"@type":"ImageObject","inLanguage":"pt-BR","@id":"https:\/\/secure.gravatar.com\/avatar\/dd1659ab3e55f8172475d1b88fec7fbd72f990c5e01a6b5a074ddd4a7b48ad85?s=96&d=mm&r=g","url":"https:\/\/secure.gravatar.com\/avatar\/dd1659ab3e55f8172475d1b88fec7fbd72f990c5e01a6b5a074ddd4a7b48ad85?s=96&d=mm&r=g","contentUrl":"https:\/\/secure.gravatar.com\/avatar\/dd1659ab3e55f8172475d1b88fec7fbd72f990c5e01a6b5a074ddd4a7b48ad85?s=96&d=mm&r=g","caption":"Aedo, Lucas"},"url":"https:\/\/www.equilibrio-petfood.com\/pt-br\/author\/lucas-aedoadm-com\/"}]}},"_links":{"self":[{"href":"https:\/\/www.equilibrio-petfood.com\/pt-br\/wp-json\/wp\/v2\/posts\/1686","targetHints":{"allow":["GET"]}}],"collection":[{"href":"https:\/\/www.equilibrio-petfood.com\/pt-br\/wp-json\/wp\/v2\/posts"}],"about":[{"href":"https:\/\/www.equilibrio-petfood.com\/pt-br\/wp-json\/wp\/v2\/types\/post"}],"author":[{"embeddable":true,"href":"https:\/\/www.equilibrio-petfood.com\/pt-br\/wp-json\/wp\/v2\/users\/12"}],"replies":[{"embeddable":true,"href":"https:\/\/www.equilibrio-petfood.com\/pt-br\/wp-json\/wp\/v2\/comments?post=1686"}],"version-history":[{"count":1,"href":"https:\/\/www.equilibrio-petfood.com\/pt-br\/wp-json\/wp\/v2\/posts\/1686\/revisions"}],"predecessor-version":[{"id":1689,"href":"https:\/\/www.equilibrio-petfood.com\/pt-br\/wp-json\/wp\/v2\/posts\/1686\/revisions\/1689"}],"wp:featuredmedia":[{"embeddable":true,"href":"https:\/\/www.equilibrio-petfood.com\/pt-br\/wp-json\/wp\/v2\/media\/2742"}],"wp:attachment":[{"href":"https:\/\/www.equilibrio-petfood.com\/pt-br\/wp-json\/wp\/v2\/media?parent=1686"}],"wp:term":[{"taxonomy":"category","embeddable":true,"href":"https:\/\/www.equilibrio-petfood.com\/pt-br\/wp-json\/wp\/v2\/categories?post=1686"},{"taxonomy":"post_tag","embeddable":true,"href":"https:\/\/www.equilibrio-petfood.com\/pt-br\/wp-json\/wp\/v2\/tags?post=1686"}],"curies":[{"name":"wp","href":"https:\/\/api.w.org\/{rel}","templated":true}]}}