{"id":1618,"date":"2023-01-04T15:21:03","date_gmt":"2023-01-04T18:21:03","guid":{"rendered":"https:\/\/www.br.equilibrio-petfood.com\/?p=1618"},"modified":"2023-02-23T12:05:38","modified_gmt":"2023-02-23T15:05:38","slug":"meu-cachorro-nao-quer-comer-o-que-fazer","status":"publish","type":"post","link":"https:\/\/www.equilibrio-petfood.com\/pt-br\/2023\/01\/04\/meu-cachorro-nao-quer-comer-o-que-fazer\/","title":{"rendered":"MEU CACHORRO N\u00c3O QUER COMER. O QUE FAZER?"},"content":{"rendered":"\n<p>\u00c9 da alimenta\u00e7\u00e3o que os animais extraem a energia necess\u00e1ria para manter seu organismo funcionando adequadamente; por isso, muita aten\u00e7\u00e3o se notar que o seu&nbsp;<strong>cachorro n\u00e3o quer comer<\/strong>. A falta de apetite pode ser sinal de uma doen\u00e7a e essa condi\u00e7\u00e3o merece cuidados para evitar complica\u00e7\u00f5es maiores.<\/p>\n\n\n\n<p>Voc\u00ea conhece o seu animal de estima\u00e7\u00e3o melhor do que ningu\u00e9m, por isso sabe quando existe algo de errado. Se ele tem um paladar mais exigente e sempre apresenta uma resist\u00eancia para comer toda a por\u00e7\u00e3o, mas depois acaba se alimentando, ent\u00e3o n\u00e3o precisa se preocupar. Garanta uma&nbsp;ra\u00e7\u00e3o de qualidade&nbsp;com altos \u00edndices de aproveitamento nutricional e palatabilidade para que o animal n\u00e3o deixe de comer, e procure a orienta\u00e7\u00e3o de um veterin\u00e1rio.<\/p>\n\n\n\n<p>Pode ser considerado um problema quando o&nbsp;<strong>c\u00e3o n\u00e3o quer comer&nbsp;<\/strong>de jeito nenhum ou reduz muito a&nbsp;<strong>quantidade de ra\u00e7\u00e3o&nbsp;<\/strong>que ingere habitualmente e que \u00e9 recomendada para o seu porte e idade. Esse contexto \u00e9 especialmente perigoso para&nbsp;<strong>cachorro filhote<\/strong>, que ainda n\u00e3o formou sua reserva de gordura e n\u00e3o pode ficar mais de 12 horas sem comer.<\/p>\n\n\n\n<h2 class=\"wp-block-heading\">Meu cachorro n\u00e3o quer comer. O que pode ser?<\/h2>\n\n\n\n<p>Existem diferentes fatores que podem levar \u00e0&nbsp;<strong>falta de apetite em c\u00e3es<\/strong>. Entender os principais pode lhe ajudar a identificar outros sintomas que auxiliar\u00e3o o veterin\u00e1rio a ter um diagn\u00f3stico mais preciso. Veja se o seu cachorro se encaixa em alguma das seguintes situa\u00e7\u00f5es:<\/p>\n\n\n\n<p><strong>Doen\u00e7as causadas por v\u00edrus&nbsp;<\/strong>\u2014 patologias virais, como cinomose, parvovirose e coronavirose podem &nbsp;causar a falta de apetite, mas ocorrem outros sintomas que devem ser passados ao veterin\u00e1rio.<\/p>\n\n\n\n<p><strong>Verminoses&nbsp;<\/strong>\u2014 doen\u00e7as causadas por vermes e parasitas podem afetar o apetite do cachorro, que perde peso muito rapidamente. Por isso, n\u00e3o descuide da higiene do c\u00e3o e invista em vermifuga\u00e7\u00f5es peri\u00f3dicas, seguindo a orienta\u00e7\u00e3o do veterin\u00e1rio.<\/p>\n\n\n\n<p><strong>Problemas psicol\u00f3gicos&nbsp;<\/strong>\u2014 al\u00e9m da falta de apetite, doen\u00e7as como a depress\u00e3o canina podem deixar o c\u00e3o ap\u00e1tico, isolado e com tristeza profunda.<\/p>\n\n\n\n<h2 class=\"wp-block-heading\">Fatores comportamentais que tiram o apetite do cachorro &nbsp;<\/h2>\n\n\n\n<p>Nem sempre a&nbsp;<strong>falta de apetite em cachorro&nbsp;<\/strong>\u00e9 sinal de alguma doen\u00e7a; pode ser apenas uma quest\u00e3o comportamental ou resposta a fatores externos. Nesses casos, voc\u00ea consegue resolver em casa com algumas mudan\u00e7as simples.<\/p>\n\n\n\n<p><strong>Calor tira o apetite<\/strong>&nbsp;\u2014 em dias muito quentes, o cachorro pode n\u00e3o querer comer, mas n\u00e3o \u00e9 normal que esse estado se prolongue por muito tempo. Para estimular o apetite dele, voc\u00ea deve ajud\u00e1-lo a se refrescar, deixando \u00e1gua fresca \u00e0 disposi\u00e7\u00e3o e tamb\u00e9m vale colocar algumas pedras de gelo no pote de \u00e1gua.<\/p>\n\n\n\n<p><strong>Cachorro enjoa da ra\u00e7\u00e3o&nbsp;<\/strong>\u2014 pode acontecer do c\u00e3o rejeitar a ra\u00e7\u00e3o por outro motivo. Quando isso acontecer, voc\u00ea pode conversar com o veterin\u00e1rio para que ele oriente a melhor forma de reverter esse quadro.<\/p>\n\n\n\n<p><strong>Mudan\u00e7a de casa&nbsp;<\/strong>\u2014 al\u00e9m da mudan\u00e7a de casa, outras altera\u00e7\u00f5es bruscas no dia a dia do c\u00e3o podem causar a falta de apetite. Para evitar isso, procure preparar o animal antes e ter calma com a transi\u00e7\u00e3o.<\/p>\n","protected":false},"excerpt":{"rendered":"<p>\u00c9 da alimenta\u00e7\u00e3o que os animais extraem a energia necess\u00e1ria para manter seu organismo funcionando adequadamente; por isso, muita aten\u00e7\u00e3o se notar que o seu&nbsp;cachorro n\u00e3o quer comer. A falta de apetite pode ser sinal de uma doen\u00e7a e essa condi\u00e7\u00e3o merece cuidados para evitar complica\u00e7\u00f5es maiores. Voc\u00ea conhece o seu animal de estima\u00e7\u00e3o melhor [&hellip;]<\/p>\n","protected":false},"author":12,"featured_media":2716,"comment_status":"open","ping_status":"open","sticky":false,"template":"","format":"standard","meta":{"footnotes":""},"categories":[37],"tags":[],"class_list":["post-1618","post","type-post","status-publish","format-standard","has-post-thumbnail","hentry","category-nutricao"],"acf":[],"yoast_head":"<!-- This site is optimized with the Yoast SEO plugin v27.5 - https:\/\/yoast.com\/product\/yoast-seo-wordpress\/ -->\n<title>MEU CACHORRO N\u00c3O QUER COMER. O QUE FAZER? - Equilibro<\/title>\n<meta name=\"robots\" content=\"index, follow, max-snippet:-1, max-image-preview:large, max-video-preview:-1\" \/>\n<link rel=\"canonical\" href=\"https:\/\/www.equilibrio-petfood.com\/pt-br\/2023\/01\/04\/meu-cachorro-nao-quer-comer-o-que-fazer\/\" \/>\n<meta property=\"og:locale\" content=\"pt_BR\" \/>\n<meta property=\"og:type\" content=\"article\" \/>\n<meta property=\"og:title\" content=\"MEU CACHORRO N\u00c3O QUER COMER. O QUE FAZER? - Equilibro\" \/>\n<meta property=\"og:description\" content=\"\u00c9 da alimenta\u00e7\u00e3o que os animais extraem a energia necess\u00e1ria para manter seu organismo funcionando adequadamente; por isso, muita aten\u00e7\u00e3o se notar que o seu&nbsp;cachorro n\u00e3o quer comer. A falta de apetite pode ser sinal de uma doen\u00e7a e essa condi\u00e7\u00e3o merece cuidados para evitar complica\u00e7\u00f5es maiores. Voc\u00ea conhece o seu animal de estima\u00e7\u00e3o melhor [&hellip;]\" \/>\n<meta property=\"og:url\" content=\"https:\/\/www.equilibrio-petfood.com\/pt-br\/2023\/01\/04\/meu-cachorro-nao-quer-comer-o-que-fazer\/\" \/>\n<meta property=\"og:site_name\" content=\"Equilibro\" \/>\n<meta property=\"article:published_time\" content=\"2023-01-04T18:21:03+00:00\" \/>\n<meta property=\"article:modified_time\" content=\"2023-02-23T15:05:38+00:00\" \/>\n<meta property=\"og:image\" content=\"https:\/\/www.equilibrio-petfood.com\/wp-content\/uploads\/2023\/02\/image-241.png\" \/>\n\t<meta property=\"og:image:width\" content=\"478\" \/>\n\t<meta property=\"og:image:height\" content=\"319\" \/>\n\t<meta property=\"og:image:type\" content=\"image\/png\" \/>\n<meta name=\"author\" content=\"Aedo, Lucas\" \/>\n<meta name=\"twitter:card\" content=\"summary_large_image\" \/>\n<meta name=\"twitter:label1\" content=\"Escrito por\" \/>\n\t<meta name=\"twitter:data1\" content=\"Aedo, Lucas\" \/>\n\t<meta name=\"twitter:label2\" content=\"Est. tempo de leitura\" \/>\n\t<meta name=\"twitter:data2\" content=\"3 minutos\" \/>\n<script type=\"application\/ld+json\" class=\"yoast-schema-graph\">{\"@context\":\"https:\\\/\\\/schema.org\",\"@graph\":[{\"@type\":\"Article\",\"@id\":\"https:\\\/\\\/www.equilibrio-petfood.com\\\/pt-br\\\/2023\\\/01\\\/04\\\/meu-cachorro-nao-quer-comer-o-que-fazer\\\/#article\",\"isPartOf\":{\"@id\":\"https:\\\/\\\/www.equilibrio-petfood.com\\\/pt-br\\\/2023\\\/01\\\/04\\\/meu-cachorro-nao-quer-comer-o-que-fazer\\\/\"},\"author\":{\"name\":\"Aedo, Lucas\",\"@id\":\"https:\\\/\\\/www.equilibrio-petfood.com\\\/pt-br\\\/#\\\/schema\\\/person\\\/4b65b41568f7c3cac79491fdc0ba31b4\"},\"headline\":\"MEU CACHORRO N\u00c3O QUER COMER. O QUE FAZER?\",\"datePublished\":\"2023-01-04T18:21:03+00:00\",\"dateModified\":\"2023-02-23T15:05:38+00:00\",\"mainEntityOfPage\":{\"@id\":\"https:\\\/\\\/www.equilibrio-petfood.com\\\/pt-br\\\/2023\\\/01\\\/04\\\/meu-cachorro-nao-quer-comer-o-que-fazer\\\/\"},\"wordCount\":570,\"commentCount\":0,\"image\":{\"@id\":\"https:\\\/\\\/www.equilibrio-petfood.com\\\/pt-br\\\/2023\\\/01\\\/04\\\/meu-cachorro-nao-quer-comer-o-que-fazer\\\/#primaryimage\"},\"thumbnailUrl\":\"https:\\\/\\\/www.equilibrio-petfood.com\\\/wp-content\\\/uploads\\\/2023\\\/02\\\/image-241.png\",\"articleSection\":[\"Nutri\u00e7\u00e3o\"],\"inLanguage\":\"pt-BR\",\"potentialAction\":[{\"@type\":\"CommentAction\",\"name\":\"Comment\",\"target\":[\"https:\\\/\\\/www.equilibrio-petfood.com\\\/pt-br\\\/2023\\\/01\\\/04\\\/meu-cachorro-nao-quer-comer-o-que-fazer\\\/#respond\"]}]},{\"@type\":\"WebPage\",\"@id\":\"https:\\\/\\\/www.equilibrio-petfood.com\\\/pt-br\\\/2023\\\/01\\\/04\\\/meu-cachorro-nao-quer-comer-o-que-fazer\\\/\",\"url\":\"https:\\\/\\\/www.equilibrio-petfood.com\\\/pt-br\\\/2023\\\/01\\\/04\\\/meu-cachorro-nao-quer-comer-o-que-fazer\\\/\",\"name\":\"MEU CACHORRO N\u00c3O QUER COMER. O QUE FAZER? - Equilibro\",\"isPartOf\":{\"@id\":\"https:\\\/\\\/www.equilibrio-petfood.com\\\/pt-br\\\/#website\"},\"primaryImageOfPage\":{\"@id\":\"https:\\\/\\\/www.equilibrio-petfood.com\\\/pt-br\\\/2023\\\/01\\\/04\\\/meu-cachorro-nao-quer-comer-o-que-fazer\\\/#primaryimage\"},\"image\":{\"@id\":\"https:\\\/\\\/www.equilibrio-petfood.com\\\/pt-br\\\/2023\\\/01\\\/04\\\/meu-cachorro-nao-quer-comer-o-que-fazer\\\/#primaryimage\"},\"thumbnailUrl\":\"https:\\\/\\\/www.equilibrio-petfood.com\\\/wp-content\\\/uploads\\\/2023\\\/02\\\/image-241.png\",\"datePublished\":\"2023-01-04T18:21:03+00:00\",\"dateModified\":\"2023-02-23T15:05:38+00:00\",\"author\":{\"@id\":\"https:\\\/\\\/www.equilibrio-petfood.com\\\/pt-br\\\/#\\\/schema\\\/person\\\/4b65b41568f7c3cac79491fdc0ba31b4\"},\"breadcrumb\":{\"@id\":\"https:\\\/\\\/www.equilibrio-petfood.com\\\/pt-br\\\/2023\\\/01\\\/04\\\/meu-cachorro-nao-quer-comer-o-que-fazer\\\/#breadcrumb\"},\"inLanguage\":\"pt-BR\",\"potentialAction\":[{\"@type\":\"ReadAction\",\"target\":[\"https:\\\/\\\/www.equilibrio-petfood.com\\\/pt-br\\\/2023\\\/01\\\/04\\\/meu-cachorro-nao-quer-comer-o-que-fazer\\\/\"]}]},{\"@type\":\"ImageObject\",\"inLanguage\":\"pt-BR\",\"@id\":\"https:\\\/\\\/www.equilibrio-petfood.com\\\/pt-br\\\/2023\\\/01\\\/04\\\/meu-cachorro-nao-quer-comer-o-que-fazer\\\/#primaryimage\",\"url\":\"https:\\\/\\\/www.equilibrio-petfood.com\\\/wp-content\\\/uploads\\\/2023\\\/02\\\/image-241.png\",\"contentUrl\":\"https:\\\/\\\/www.equilibrio-petfood.com\\\/wp-content\\\/uploads\\\/2023\\\/02\\\/image-241.png\",\"width\":478,\"height\":319},{\"@type\":\"BreadcrumbList\",\"@id\":\"https:\\\/\\\/www.equilibrio-petfood.com\\\/pt-br\\\/2023\\\/01\\\/04\\\/meu-cachorro-nao-quer-comer-o-que-fazer\\\/#breadcrumb\",\"itemListElement\":[{\"@type\":\"ListItem\",\"position\":1,\"name\":\"P\u00e1gina inicial\",\"item\":\"https:\\\/\\\/www.equilibrio-petfood.com\\\/pt-br\\\/\"},{\"@type\":\"ListItem\",\"position\":2,\"name\":\"MEU CACHORRO N\u00c3O QUER COMER. O QUE FAZER?\"}]},{\"@type\":\"WebSite\",\"@id\":\"https:\\\/\\\/www.equilibrio-petfood.com\\\/pt-br\\\/#website\",\"url\":\"https:\\\/\\\/www.equilibrio-petfood.com\\\/pt-br\\\/\",\"name\":\"Equilibro\",\"description\":\"\",\"potentialAction\":[{\"@type\":\"SearchAction\",\"target\":{\"@type\":\"EntryPoint\",\"urlTemplate\":\"https:\\\/\\\/www.equilibrio-petfood.com\\\/pt-br\\\/?s={search_term_string}\"},\"query-input\":{\"@type\":\"PropertyValueSpecification\",\"valueRequired\":true,\"valueName\":\"search_term_string\"}}],\"inLanguage\":\"pt-BR\"},{\"@type\":\"Person\",\"@id\":\"https:\\\/\\\/www.equilibrio-petfood.com\\\/pt-br\\\/#\\\/schema\\\/person\\\/4b65b41568f7c3cac79491fdc0ba31b4\",\"name\":\"Aedo, Lucas\",\"image\":{\"@type\":\"ImageObject\",\"inLanguage\":\"pt-BR\",\"@id\":\"https:\\\/\\\/secure.gravatar.com\\\/avatar\\\/dd1659ab3e55f8172475d1b88fec7fbd72f990c5e01a6b5a074ddd4a7b48ad85?s=96&d=mm&r=g\",\"url\":\"https:\\\/\\\/secure.gravatar.com\\\/avatar\\\/dd1659ab3e55f8172475d1b88fec7fbd72f990c5e01a6b5a074ddd4a7b48ad85?s=96&d=mm&r=g\",\"contentUrl\":\"https:\\\/\\\/secure.gravatar.com\\\/avatar\\\/dd1659ab3e55f8172475d1b88fec7fbd72f990c5e01a6b5a074ddd4a7b48ad85?s=96&d=mm&r=g\",\"caption\":\"Aedo, Lucas\"},\"url\":\"https:\\\/\\\/www.equilibrio-petfood.com\\\/pt-br\\\/author\\\/lucas-aedoadm-com\\\/\"}]}<\/script>\n<!-- \/ Yoast SEO plugin. -->","yoast_head_json":{"title":"MEU CACHORRO N\u00c3O QUER COMER. O QUE FAZER? - Equilibro","robots":{"index":"index","follow":"follow","max-snippet":"max-snippet:-1","max-image-preview":"max-image-preview:large","max-video-preview":"max-video-preview:-1"},"canonical":"https:\/\/www.equilibrio-petfood.com\/pt-br\/2023\/01\/04\/meu-cachorro-nao-quer-comer-o-que-fazer\/","og_locale":"pt_BR","og_type":"article","og_title":"MEU CACHORRO N\u00c3O QUER COMER. O QUE FAZER? - Equilibro","og_description":"\u00c9 da alimenta\u00e7\u00e3o que os animais extraem a energia necess\u00e1ria para manter seu organismo funcionando adequadamente; por isso, muita aten\u00e7\u00e3o se notar que o seu&nbsp;cachorro n\u00e3o quer comer. A falta de apetite pode ser sinal de uma doen\u00e7a e essa condi\u00e7\u00e3o merece cuidados para evitar complica\u00e7\u00f5es maiores. Voc\u00ea conhece o seu animal de estima\u00e7\u00e3o melhor [&hellip;]","og_url":"https:\/\/www.equilibrio-petfood.com\/pt-br\/2023\/01\/04\/meu-cachorro-nao-quer-comer-o-que-fazer\/","og_site_name":"Equilibro","article_published_time":"2023-01-04T18:21:03+00:00","article_modified_time":"2023-02-23T15:05:38+00:00","og_image":[{"width":478,"height":319,"url":"https:\/\/www.equilibrio-petfood.com\/wp-content\/uploads\/2023\/02\/image-241.png","type":"image\/png"}],"author":"Aedo, Lucas","twitter_card":"summary_large_image","twitter_misc":{"Escrito por":"Aedo, Lucas","Est. tempo de leitura":"3 minutos"},"schema":{"@context":"https:\/\/schema.org","@graph":[{"@type":"Article","@id":"https:\/\/www.equilibrio-petfood.com\/pt-br\/2023\/01\/04\/meu-cachorro-nao-quer-comer-o-que-fazer\/#article","isPartOf":{"@id":"https:\/\/www.equilibrio-petfood.com\/pt-br\/2023\/01\/04\/meu-cachorro-nao-quer-comer-o-que-fazer\/"},"author":{"name":"Aedo, Lucas","@id":"https:\/\/www.equilibrio-petfood.com\/pt-br\/#\/schema\/person\/4b65b41568f7c3cac79491fdc0ba31b4"},"headline":"MEU CACHORRO N\u00c3O QUER COMER. O QUE FAZER?","datePublished":"2023-01-04T18:21:03+00:00","dateModified":"2023-02-23T15:05:38+00:00","mainEntityOfPage":{"@id":"https:\/\/www.equilibrio-petfood.com\/pt-br\/2023\/01\/04\/meu-cachorro-nao-quer-comer-o-que-fazer\/"},"wordCount":570,"commentCount":0,"image":{"@id":"https:\/\/www.equilibrio-petfood.com\/pt-br\/2023\/01\/04\/meu-cachorro-nao-quer-comer-o-que-fazer\/#primaryimage"},"thumbnailUrl":"https:\/\/www.equilibrio-petfood.com\/wp-content\/uploads\/2023\/02\/image-241.png","articleSection":["Nutri\u00e7\u00e3o"],"inLanguage":"pt-BR","potentialAction":[{"@type":"CommentAction","name":"Comment","target":["https:\/\/www.equilibrio-petfood.com\/pt-br\/2023\/01\/04\/meu-cachorro-nao-quer-comer-o-que-fazer\/#respond"]}]},{"@type":"WebPage","@id":"https:\/\/www.equilibrio-petfood.com\/pt-br\/2023\/01\/04\/meu-cachorro-nao-quer-comer-o-que-fazer\/","url":"https:\/\/www.equilibrio-petfood.com\/pt-br\/2023\/01\/04\/meu-cachorro-nao-quer-comer-o-que-fazer\/","name":"MEU CACHORRO N\u00c3O QUER COMER. O QUE FAZER? - Equilibro","isPartOf":{"@id":"https:\/\/www.equilibrio-petfood.com\/pt-br\/#website"},"primaryImageOfPage":{"@id":"https:\/\/www.equilibrio-petfood.com\/pt-br\/2023\/01\/04\/meu-cachorro-nao-quer-comer-o-que-fazer\/#primaryimage"},"image":{"@id":"https:\/\/www.equilibrio-petfood.com\/pt-br\/2023\/01\/04\/meu-cachorro-nao-quer-comer-o-que-fazer\/#primaryimage"},"thumbnailUrl":"https:\/\/www.equilibrio-petfood.com\/wp-content\/uploads\/2023\/02\/image-241.png","datePublished":"2023-01-04T18:21:03+00:00","dateModified":"2023-02-23T15:05:38+00:00","author":{"@id":"https:\/\/www.equilibrio-petfood.com\/pt-br\/#\/schema\/person\/4b65b41568f7c3cac79491fdc0ba31b4"},"breadcrumb":{"@id":"https:\/\/www.equilibrio-petfood.com\/pt-br\/2023\/01\/04\/meu-cachorro-nao-quer-comer-o-que-fazer\/#breadcrumb"},"inLanguage":"pt-BR","potentialAction":[{"@type":"ReadAction","target":["https:\/\/www.equilibrio-petfood.com\/pt-br\/2023\/01\/04\/meu-cachorro-nao-quer-comer-o-que-fazer\/"]}]},{"@type":"ImageObject","inLanguage":"pt-BR","@id":"https:\/\/www.equilibrio-petfood.com\/pt-br\/2023\/01\/04\/meu-cachorro-nao-quer-comer-o-que-fazer\/#primaryimage","url":"https:\/\/www.equilibrio-petfood.com\/wp-content\/uploads\/2023\/02\/image-241.png","contentUrl":"https:\/\/www.equilibrio-petfood.com\/wp-content\/uploads\/2023\/02\/image-241.png","width":478,"height":319},{"@type":"BreadcrumbList","@id":"https:\/\/www.equilibrio-petfood.com\/pt-br\/2023\/01\/04\/meu-cachorro-nao-quer-comer-o-que-fazer\/#breadcrumb","itemListElement":[{"@type":"ListItem","position":1,"name":"P\u00e1gina inicial","item":"https:\/\/www.equilibrio-petfood.com\/pt-br\/"},{"@type":"ListItem","position":2,"name":"MEU CACHORRO N\u00c3O QUER COMER. O QUE FAZER?"}]},{"@type":"WebSite","@id":"https:\/\/www.equilibrio-petfood.com\/pt-br\/#website","url":"https:\/\/www.equilibrio-petfood.com\/pt-br\/","name":"Equilibro","description":"","potentialAction":[{"@type":"SearchAction","target":{"@type":"EntryPoint","urlTemplate":"https:\/\/www.equilibrio-petfood.com\/pt-br\/?s={search_term_string}"},"query-input":{"@type":"PropertyValueSpecification","valueRequired":true,"valueName":"search_term_string"}}],"inLanguage":"pt-BR"},{"@type":"Person","@id":"https:\/\/www.equilibrio-petfood.com\/pt-br\/#\/schema\/person\/4b65b41568f7c3cac79491fdc0ba31b4","name":"Aedo, Lucas","image":{"@type":"ImageObject","inLanguage":"pt-BR","@id":"https:\/\/secure.gravatar.com\/avatar\/dd1659ab3e55f8172475d1b88fec7fbd72f990c5e01a6b5a074ddd4a7b48ad85?s=96&d=mm&r=g","url":"https:\/\/secure.gravatar.com\/avatar\/dd1659ab3e55f8172475d1b88fec7fbd72f990c5e01a6b5a074ddd4a7b48ad85?s=96&d=mm&r=g","contentUrl":"https:\/\/secure.gravatar.com\/avatar\/dd1659ab3e55f8172475d1b88fec7fbd72f990c5e01a6b5a074ddd4a7b48ad85?s=96&d=mm&r=g","caption":"Aedo, Lucas"},"url":"https:\/\/www.equilibrio-petfood.com\/pt-br\/author\/lucas-aedoadm-com\/"}]}},"_links":{"self":[{"href":"https:\/\/www.equilibrio-petfood.com\/pt-br\/wp-json\/wp\/v2\/posts\/1618","targetHints":{"allow":["GET"]}}],"collection":[{"href":"https:\/\/www.equilibrio-petfood.com\/pt-br\/wp-json\/wp\/v2\/posts"}],"about":[{"href":"https:\/\/www.equilibrio-petfood.com\/pt-br\/wp-json\/wp\/v2\/types\/post"}],"author":[{"embeddable":true,"href":"https:\/\/www.equilibrio-petfood.com\/pt-br\/wp-json\/wp\/v2\/users\/12"}],"replies":[{"embeddable":true,"href":"https:\/\/www.equilibrio-petfood.com\/pt-br\/wp-json\/wp\/v2\/comments?post=1618"}],"version-history":[{"count":1,"href":"https:\/\/www.equilibrio-petfood.com\/pt-br\/wp-json\/wp\/v2\/posts\/1618\/revisions"}],"predecessor-version":[{"id":1621,"href":"https:\/\/www.equilibrio-petfood.com\/pt-br\/wp-json\/wp\/v2\/posts\/1618\/revisions\/1621"}],"wp:featuredmedia":[{"embeddable":true,"href":"https:\/\/www.equilibrio-petfood.com\/pt-br\/wp-json\/wp\/v2\/media\/2716"}],"wp:attachment":[{"href":"https:\/\/www.equilibrio-petfood.com\/pt-br\/wp-json\/wp\/v2\/media?parent=1618"}],"wp:term":[{"taxonomy":"category","embeddable":true,"href":"https:\/\/www.equilibrio-petfood.com\/pt-br\/wp-json\/wp\/v2\/categories?post=1618"},{"taxonomy":"post_tag","embeddable":true,"href":"https:\/\/www.equilibrio-petfood.com\/pt-br\/wp-json\/wp\/v2\/tags?post=1618"}],"curies":[{"name":"wp","href":"https:\/\/api.w.org\/{rel}","templated":true}]}}