{"id":1599,"date":"2023-01-04T15:12:40","date_gmt":"2023-01-04T18:12:40","guid":{"rendered":"https:\/\/www.br.equilibrio-petfood.com\/?p=1599"},"modified":"2023-02-23T12:02:32","modified_gmt":"2023-02-23T15:02:32","slug":"caes-da-raca-beagle-possuem-predisposicao-a-obesidade-canina","status":"publish","type":"post","link":"https:\/\/www.equilibrio-petfood.com\/pt-br\/2023\/01\/04\/caes-da-raca-beagle-possuem-predisposicao-a-obesidade-canina\/","title":{"rendered":"C\u00c3ES DA RA\u00c7A BEAGLE POSSUEM PREDISPOSI\u00c7\u00c3O \u00c0 OBESIDADE CANINA"},"content":{"rendered":"\n<p>A<strong>&nbsp;obesidade canina<\/strong>&nbsp;\u00e9 uma<strong>&nbsp;doen\u00e7a grave&nbsp;<\/strong>que deve ser tratada para evitar o aparecimento de outras doen\u00e7as que levam a diminui\u00e7\u00e3o da expectativa de vida do animal. \u00c9 importante se ter aten\u00e7\u00e3o aos fatores que est\u00e3o diretamente ligados \u00e0&nbsp;obesidade em c\u00e3es, que \u00e9&nbsp;<strong>alimenta\u00e7\u00e3o errada, falta de exerc\u00edcio f\u00edsico&nbsp;<\/strong>e quest\u00f5es gen\u00e9ticas. Este \u00faltimo item mostra que alguns animais possuem predisposi\u00e7\u00e3o, como \u00e9 o caso da ra\u00e7a beagle.<\/p>\n\n\n\n<p>O cachorro beagle possui um apetite grande e se n\u00e3o tiver um controle sobre a&nbsp;<strong>quantidade de ra\u00e7\u00e3o&nbsp;<\/strong>que \u00e9 oferecida, pode comer mais que o necess\u00e1rio e ganhar peso com facilidade. Cuidar da&nbsp;<strong>alimenta\u00e7\u00e3o canina&nbsp;<\/strong>envolve uma s\u00e9rie de quest\u00f5es importantes, pois trata-se de uma necessidade b\u00e1sica que ir\u00e1 influenciar em todo o desenvolvimento do animal.<\/p>\n\n\n\n<p>A escolha da&nbsp;<strong>melhor ra\u00e7\u00e3o<\/strong>&nbsp;est\u00e1 condicionada ao estado do animal, fase da vida e porte, sendo que em casos especiais, como&nbsp;<strong>animais obesos<\/strong>,&nbsp;<strong>acima do peso&nbsp;<\/strong>e com tend\u00eancia a obesidade, a exemplo do beagle, pode-se contar com uma&nbsp;<strong>ra\u00e7\u00e3o para c\u00e3es&nbsp;<\/strong>especial indicada pelo veterin\u00e1rio. A Equil\u00edbrio possui uma linha completa de&nbsp;ra\u00e7\u00f5es super premium&nbsp;para&nbsp;<strong>controle do peso<\/strong>&nbsp;e&nbsp;<strong>tratamento da obesidade<\/strong>.<\/p>\n\n\n\n<p><strong>Tratamento da obesidade para ra\u00e7a beagle<\/strong><\/p>\n\n\n\n<p>Saber identificar a&nbsp;<strong>obesidade canina&nbsp;<\/strong>no seu beagle \u00e9 o primeiro passo. Para te ajudar, criamos um teste bem simples e r\u00e1pido baseado na observa\u00e7\u00e3o e palpa\u00e7\u00e3o, basta&nbsp;clicar aqui. Se o resultado mostrou que voc\u00ea tem um&nbsp;<strong>cachorro obeso&nbsp;<\/strong>ou acima do peso, leve-o ao veterin\u00e1rio para indica\u00e7\u00e3o de um tratamento.<\/p>\n\n\n\n<p>Os c\u00e3es que est\u00e3o acima do peso precisam receber uma a&nbsp;<strong>ra\u00e7\u00e3o light para c\u00e3es&nbsp;<\/strong>que deve ter a quantidade adequada ao peso do animal. A dosagem da&nbsp;quantidade de ra\u00e7\u00e3o&nbsp;ideal \u00e9 important\u00edssima, principalmente na ra\u00e7a beagle que possui bastante interesse pela comida.&nbsp; A ra\u00e7\u00e3o Equil\u00edbrio light \u00e9 enriquecida com L-carnitina, que auxilia&nbsp;<strong>queima de gordura,<\/strong>&nbsp;possui<strong>&nbsp;antioxidantes naturais&nbsp;<\/strong>para uma vida longa e saud\u00e1vel, e ainda conta com a a\u00e7\u00e3o do sulfato de condroitina e sulfato de glicosamina, ajudando a manter a sa\u00fade das articula\u00e7\u00f5es.<\/p>\n\n\n\n<p>J\u00e1 os&nbsp;<strong>animais obesos&nbsp;<\/strong>precisam de uma ra\u00e7\u00e3o terap\u00eautica indicada pelo veterin\u00e1rio. A linha Equil\u00edbrio Veterinary possui uma&nbsp;<strong>ra\u00e7\u00e3o para c\u00e3es obesos<\/strong>&nbsp;que \u00e9 desenvolvida com baixa&nbsp;<strong>densidade energ\u00e9tica,&nbsp;<\/strong>alto teor de fibras e enriquecida com L-carnitina. Esta \u00e9 a Equil\u00edbrio Veterinary Obesity &amp; Diabetic, que s\u00f3 pode ser colocada na alimenta\u00e7\u00e3o canina depois de uma indica\u00e7\u00e3o veterin\u00e1ria.<\/p>\n\n\n\n<p>O&nbsp;<strong>tratamento da obesidade&nbsp;<\/strong>&nbsp;tamb\u00e9m deve contar com rotina de exerc\u00edcios f\u00edsicos, como&nbsp;<strong>passeios com cachorro,&nbsp;<\/strong>brincadeiras no quintal, nata\u00e7\u00e3o ou qualquer esporte que seu c\u00e3o se identifique.<\/p>\n\n\n\n<p><strong>Como saber se tenho um cachorro obeso<\/strong><\/p>\n\n\n\n<p>A identifica\u00e7\u00e3o da obesidade canina \u00e9 o primeiro passo para o tratamento, mas nem sempre o tutor tem facilidade para perceber o&nbsp;<strong>excesso de peso<\/strong>&nbsp;no c\u00e3o. Este diagn\u00f3stico deve ser feito por meio do&nbsp;<strong>escore corporal,&nbsp;<\/strong>que \u00e9 uma t\u00e9cnica baseada na palpa\u00e7\u00e3o e observa\u00e7\u00e3o do animal &#8211; \u00e9 simples e voc\u00ea mesmo pode fazer em casa. Para tirar de vez a d\u00favida se tem um cachorro acima do peso ou um&nbsp;<strong>cachorro gordo<\/strong>, preparamos um teste bem simples no artigo:&nbsp;Como saber se tenho um cachorro obeso.<\/p>\n","protected":false},"excerpt":{"rendered":"<p>A&nbsp;obesidade canina&nbsp;\u00e9 uma&nbsp;doen\u00e7a grave&nbsp;que deve ser tratada para evitar o aparecimento de outras doen\u00e7as que levam a diminui\u00e7\u00e3o da expectativa de vida do animal. \u00c9 importante se ter aten\u00e7\u00e3o aos fatores que est\u00e3o diretamente ligados \u00e0&nbsp;obesidade em c\u00e3es, que \u00e9&nbsp;alimenta\u00e7\u00e3o errada, falta de exerc\u00edcio f\u00edsico&nbsp;e quest\u00f5es gen\u00e9ticas. Este \u00faltimo item mostra que alguns animais possuem [&hellip;]<\/p>\n","protected":false},"author":12,"featured_media":2703,"comment_status":"open","ping_status":"open","sticky":false,"template":"","format":"standard","meta":{"footnotes":""},"categories":[38],"tags":[],"class_list":["post-1599","post","type-post","status-publish","format-standard","has-post-thumbnail","hentry","category-saude"],"acf":[],"yoast_head":"<!-- This site is optimized with the Yoast SEO plugin v27.5 - https:\/\/yoast.com\/product\/yoast-seo-wordpress\/ -->\n<title>C\u00c3ES DA RA\u00c7A BEAGLE POSSUEM PREDISPOSI\u00c7\u00c3O \u00c0 OBESIDADE CANINA - Equilibro<\/title>\n<meta name=\"robots\" content=\"index, follow, max-snippet:-1, max-image-preview:large, max-video-preview:-1\" \/>\n<link rel=\"canonical\" href=\"https:\/\/www.equilibrio-petfood.com\/pt-br\/2023\/01\/04\/caes-da-raca-beagle-possuem-predisposicao-a-obesidade-canina\/\" \/>\n<meta property=\"og:locale\" content=\"pt_BR\" \/>\n<meta property=\"og:type\" content=\"article\" \/>\n<meta property=\"og:title\" content=\"C\u00c3ES DA RA\u00c7A BEAGLE POSSUEM PREDISPOSI\u00c7\u00c3O \u00c0 OBESIDADE CANINA - Equilibro\" \/>\n<meta property=\"og:description\" content=\"A&nbsp;obesidade canina&nbsp;\u00e9 uma&nbsp;doen\u00e7a grave&nbsp;que deve ser tratada para evitar o aparecimento de outras doen\u00e7as que levam a diminui\u00e7\u00e3o da expectativa de vida do animal. \u00c9 importante se ter aten\u00e7\u00e3o aos fatores que est\u00e3o diretamente ligados \u00e0&nbsp;obesidade em c\u00e3es, que \u00e9&nbsp;alimenta\u00e7\u00e3o errada, falta de exerc\u00edcio f\u00edsico&nbsp;e quest\u00f5es gen\u00e9ticas. Este \u00faltimo item mostra que alguns animais possuem [&hellip;]\" \/>\n<meta property=\"og:url\" content=\"https:\/\/www.equilibrio-petfood.com\/pt-br\/2023\/01\/04\/caes-da-raca-beagle-possuem-predisposicao-a-obesidade-canina\/\" \/>\n<meta property=\"og:site_name\" content=\"Equilibro\" \/>\n<meta property=\"article:published_time\" content=\"2023-01-04T18:12:40+00:00\" \/>\n<meta property=\"article:modified_time\" content=\"2023-02-23T15:02:32+00:00\" \/>\n<meta property=\"og:image\" content=\"https:\/\/www.equilibrio-petfood.com\/wp-content\/uploads\/2023\/02\/image-236.png\" \/>\n\t<meta property=\"og:image:width\" content=\"487\" \/>\n\t<meta property=\"og:image:height\" content=\"319\" \/>\n\t<meta property=\"og:image:type\" content=\"image\/png\" \/>\n<meta name=\"author\" content=\"Aedo, Lucas\" \/>\n<meta name=\"twitter:card\" content=\"summary_large_image\" \/>\n<meta name=\"twitter:label1\" content=\"Escrito por\" \/>\n\t<meta name=\"twitter:data1\" content=\"Aedo, Lucas\" \/>\n\t<meta name=\"twitter:label2\" content=\"Est. tempo de leitura\" \/>\n\t<meta name=\"twitter:data2\" content=\"3 minutos\" \/>\n<script type=\"application\/ld+json\" class=\"yoast-schema-graph\">{\"@context\":\"https:\\\/\\\/schema.org\",\"@graph\":[{\"@type\":\"Article\",\"@id\":\"https:\\\/\\\/www.equilibrio-petfood.com\\\/pt-br\\\/2023\\\/01\\\/04\\\/caes-da-raca-beagle-possuem-predisposicao-a-obesidade-canina\\\/#article\",\"isPartOf\":{\"@id\":\"https:\\\/\\\/www.equilibrio-petfood.com\\\/pt-br\\\/2023\\\/01\\\/04\\\/caes-da-raca-beagle-possuem-predisposicao-a-obesidade-canina\\\/\"},\"author\":{\"name\":\"Aedo, Lucas\",\"@id\":\"https:\\\/\\\/www.equilibrio-petfood.com\\\/pt-br\\\/#\\\/schema\\\/person\\\/4b65b41568f7c3cac79491fdc0ba31b4\"},\"headline\":\"C\u00c3ES DA RA\u00c7A BEAGLE POSSUEM PREDISPOSI\u00c7\u00c3O \u00c0 OBESIDADE CANINA\",\"datePublished\":\"2023-01-04T18:12:40+00:00\",\"dateModified\":\"2023-02-23T15:02:32+00:00\",\"mainEntityOfPage\":{\"@id\":\"https:\\\/\\\/www.equilibrio-petfood.com\\\/pt-br\\\/2023\\\/01\\\/04\\\/caes-da-raca-beagle-possuem-predisposicao-a-obesidade-canina\\\/\"},\"wordCount\":639,\"commentCount\":0,\"image\":{\"@id\":\"https:\\\/\\\/www.equilibrio-petfood.com\\\/pt-br\\\/2023\\\/01\\\/04\\\/caes-da-raca-beagle-possuem-predisposicao-a-obesidade-canina\\\/#primaryimage\"},\"thumbnailUrl\":\"https:\\\/\\\/www.equilibrio-petfood.com\\\/wp-content\\\/uploads\\\/2023\\\/02\\\/image-236.png\",\"articleSection\":[\"Sa\u00fade\"],\"inLanguage\":\"pt-BR\",\"potentialAction\":[{\"@type\":\"CommentAction\",\"name\":\"Comment\",\"target\":[\"https:\\\/\\\/www.equilibrio-petfood.com\\\/pt-br\\\/2023\\\/01\\\/04\\\/caes-da-raca-beagle-possuem-predisposicao-a-obesidade-canina\\\/#respond\"]}]},{\"@type\":\"WebPage\",\"@id\":\"https:\\\/\\\/www.equilibrio-petfood.com\\\/pt-br\\\/2023\\\/01\\\/04\\\/caes-da-raca-beagle-possuem-predisposicao-a-obesidade-canina\\\/\",\"url\":\"https:\\\/\\\/www.equilibrio-petfood.com\\\/pt-br\\\/2023\\\/01\\\/04\\\/caes-da-raca-beagle-possuem-predisposicao-a-obesidade-canina\\\/\",\"name\":\"C\u00c3ES DA RA\u00c7A BEAGLE POSSUEM PREDISPOSI\u00c7\u00c3O \u00c0 OBESIDADE CANINA - Equilibro\",\"isPartOf\":{\"@id\":\"https:\\\/\\\/www.equilibrio-petfood.com\\\/pt-br\\\/#website\"},\"primaryImageOfPage\":{\"@id\":\"https:\\\/\\\/www.equilibrio-petfood.com\\\/pt-br\\\/2023\\\/01\\\/04\\\/caes-da-raca-beagle-possuem-predisposicao-a-obesidade-canina\\\/#primaryimage\"},\"image\":{\"@id\":\"https:\\\/\\\/www.equilibrio-petfood.com\\\/pt-br\\\/2023\\\/01\\\/04\\\/caes-da-raca-beagle-possuem-predisposicao-a-obesidade-canina\\\/#primaryimage\"},\"thumbnailUrl\":\"https:\\\/\\\/www.equilibrio-petfood.com\\\/wp-content\\\/uploads\\\/2023\\\/02\\\/image-236.png\",\"datePublished\":\"2023-01-04T18:12:40+00:00\",\"dateModified\":\"2023-02-23T15:02:32+00:00\",\"author\":{\"@id\":\"https:\\\/\\\/www.equilibrio-petfood.com\\\/pt-br\\\/#\\\/schema\\\/person\\\/4b65b41568f7c3cac79491fdc0ba31b4\"},\"breadcrumb\":{\"@id\":\"https:\\\/\\\/www.equilibrio-petfood.com\\\/pt-br\\\/2023\\\/01\\\/04\\\/caes-da-raca-beagle-possuem-predisposicao-a-obesidade-canina\\\/#breadcrumb\"},\"inLanguage\":\"pt-BR\",\"potentialAction\":[{\"@type\":\"ReadAction\",\"target\":[\"https:\\\/\\\/www.equilibrio-petfood.com\\\/pt-br\\\/2023\\\/01\\\/04\\\/caes-da-raca-beagle-possuem-predisposicao-a-obesidade-canina\\\/\"]}]},{\"@type\":\"ImageObject\",\"inLanguage\":\"pt-BR\",\"@id\":\"https:\\\/\\\/www.equilibrio-petfood.com\\\/pt-br\\\/2023\\\/01\\\/04\\\/caes-da-raca-beagle-possuem-predisposicao-a-obesidade-canina\\\/#primaryimage\",\"url\":\"https:\\\/\\\/www.equilibrio-petfood.com\\\/wp-content\\\/uploads\\\/2023\\\/02\\\/image-236.png\",\"contentUrl\":\"https:\\\/\\\/www.equilibrio-petfood.com\\\/wp-content\\\/uploads\\\/2023\\\/02\\\/image-236.png\",\"width\":487,\"height\":319},{\"@type\":\"BreadcrumbList\",\"@id\":\"https:\\\/\\\/www.equilibrio-petfood.com\\\/pt-br\\\/2023\\\/01\\\/04\\\/caes-da-raca-beagle-possuem-predisposicao-a-obesidade-canina\\\/#breadcrumb\",\"itemListElement\":[{\"@type\":\"ListItem\",\"position\":1,\"name\":\"P\u00e1gina inicial\",\"item\":\"https:\\\/\\\/www.equilibrio-petfood.com\\\/pt-br\\\/\"},{\"@type\":\"ListItem\",\"position\":2,\"name\":\"C\u00c3ES DA RA\u00c7A BEAGLE POSSUEM PREDISPOSI\u00c7\u00c3O \u00c0 OBESIDADE CANINA\"}]},{\"@type\":\"WebSite\",\"@id\":\"https:\\\/\\\/www.equilibrio-petfood.com\\\/pt-br\\\/#website\",\"url\":\"https:\\\/\\\/www.equilibrio-petfood.com\\\/pt-br\\\/\",\"name\":\"Equilibro\",\"description\":\"\",\"potentialAction\":[{\"@type\":\"SearchAction\",\"target\":{\"@type\":\"EntryPoint\",\"urlTemplate\":\"https:\\\/\\\/www.equilibrio-petfood.com\\\/pt-br\\\/?s={search_term_string}\"},\"query-input\":{\"@type\":\"PropertyValueSpecification\",\"valueRequired\":true,\"valueName\":\"search_term_string\"}}],\"inLanguage\":\"pt-BR\"},{\"@type\":\"Person\",\"@id\":\"https:\\\/\\\/www.equilibrio-petfood.com\\\/pt-br\\\/#\\\/schema\\\/person\\\/4b65b41568f7c3cac79491fdc0ba31b4\",\"name\":\"Aedo, Lucas\",\"image\":{\"@type\":\"ImageObject\",\"inLanguage\":\"pt-BR\",\"@id\":\"https:\\\/\\\/secure.gravatar.com\\\/avatar\\\/dd1659ab3e55f8172475d1b88fec7fbd72f990c5e01a6b5a074ddd4a7b48ad85?s=96&d=mm&r=g\",\"url\":\"https:\\\/\\\/secure.gravatar.com\\\/avatar\\\/dd1659ab3e55f8172475d1b88fec7fbd72f990c5e01a6b5a074ddd4a7b48ad85?s=96&d=mm&r=g\",\"contentUrl\":\"https:\\\/\\\/secure.gravatar.com\\\/avatar\\\/dd1659ab3e55f8172475d1b88fec7fbd72f990c5e01a6b5a074ddd4a7b48ad85?s=96&d=mm&r=g\",\"caption\":\"Aedo, Lucas\"},\"url\":\"https:\\\/\\\/www.equilibrio-petfood.com\\\/pt-br\\\/author\\\/lucas-aedoadm-com\\\/\"}]}<\/script>\n<!-- \/ Yoast SEO plugin. -->","yoast_head_json":{"title":"C\u00c3ES DA RA\u00c7A BEAGLE POSSUEM PREDISPOSI\u00c7\u00c3O \u00c0 OBESIDADE CANINA - Equilibro","robots":{"index":"index","follow":"follow","max-snippet":"max-snippet:-1","max-image-preview":"max-image-preview:large","max-video-preview":"max-video-preview:-1"},"canonical":"https:\/\/www.equilibrio-petfood.com\/pt-br\/2023\/01\/04\/caes-da-raca-beagle-possuem-predisposicao-a-obesidade-canina\/","og_locale":"pt_BR","og_type":"article","og_title":"C\u00c3ES DA RA\u00c7A BEAGLE POSSUEM PREDISPOSI\u00c7\u00c3O \u00c0 OBESIDADE CANINA - Equilibro","og_description":"A&nbsp;obesidade canina&nbsp;\u00e9 uma&nbsp;doen\u00e7a grave&nbsp;que deve ser tratada para evitar o aparecimento de outras doen\u00e7as que levam a diminui\u00e7\u00e3o da expectativa de vida do animal. \u00c9 importante se ter aten\u00e7\u00e3o aos fatores que est\u00e3o diretamente ligados \u00e0&nbsp;obesidade em c\u00e3es, que \u00e9&nbsp;alimenta\u00e7\u00e3o errada, falta de exerc\u00edcio f\u00edsico&nbsp;e quest\u00f5es gen\u00e9ticas. Este \u00faltimo item mostra que alguns animais possuem [&hellip;]","og_url":"https:\/\/www.equilibrio-petfood.com\/pt-br\/2023\/01\/04\/caes-da-raca-beagle-possuem-predisposicao-a-obesidade-canina\/","og_site_name":"Equilibro","article_published_time":"2023-01-04T18:12:40+00:00","article_modified_time":"2023-02-23T15:02:32+00:00","og_image":[{"width":487,"height":319,"url":"https:\/\/www.equilibrio-petfood.com\/wp-content\/uploads\/2023\/02\/image-236.png","type":"image\/png"}],"author":"Aedo, Lucas","twitter_card":"summary_large_image","twitter_misc":{"Escrito por":"Aedo, Lucas","Est. tempo de leitura":"3 minutos"},"schema":{"@context":"https:\/\/schema.org","@graph":[{"@type":"Article","@id":"https:\/\/www.equilibrio-petfood.com\/pt-br\/2023\/01\/04\/caes-da-raca-beagle-possuem-predisposicao-a-obesidade-canina\/#article","isPartOf":{"@id":"https:\/\/www.equilibrio-petfood.com\/pt-br\/2023\/01\/04\/caes-da-raca-beagle-possuem-predisposicao-a-obesidade-canina\/"},"author":{"name":"Aedo, Lucas","@id":"https:\/\/www.equilibrio-petfood.com\/pt-br\/#\/schema\/person\/4b65b41568f7c3cac79491fdc0ba31b4"},"headline":"C\u00c3ES DA RA\u00c7A BEAGLE POSSUEM PREDISPOSI\u00c7\u00c3O \u00c0 OBESIDADE CANINA","datePublished":"2023-01-04T18:12:40+00:00","dateModified":"2023-02-23T15:02:32+00:00","mainEntityOfPage":{"@id":"https:\/\/www.equilibrio-petfood.com\/pt-br\/2023\/01\/04\/caes-da-raca-beagle-possuem-predisposicao-a-obesidade-canina\/"},"wordCount":639,"commentCount":0,"image":{"@id":"https:\/\/www.equilibrio-petfood.com\/pt-br\/2023\/01\/04\/caes-da-raca-beagle-possuem-predisposicao-a-obesidade-canina\/#primaryimage"},"thumbnailUrl":"https:\/\/www.equilibrio-petfood.com\/wp-content\/uploads\/2023\/02\/image-236.png","articleSection":["Sa\u00fade"],"inLanguage":"pt-BR","potentialAction":[{"@type":"CommentAction","name":"Comment","target":["https:\/\/www.equilibrio-petfood.com\/pt-br\/2023\/01\/04\/caes-da-raca-beagle-possuem-predisposicao-a-obesidade-canina\/#respond"]}]},{"@type":"WebPage","@id":"https:\/\/www.equilibrio-petfood.com\/pt-br\/2023\/01\/04\/caes-da-raca-beagle-possuem-predisposicao-a-obesidade-canina\/","url":"https:\/\/www.equilibrio-petfood.com\/pt-br\/2023\/01\/04\/caes-da-raca-beagle-possuem-predisposicao-a-obesidade-canina\/","name":"C\u00c3ES DA RA\u00c7A BEAGLE POSSUEM PREDISPOSI\u00c7\u00c3O \u00c0 OBESIDADE CANINA - Equilibro","isPartOf":{"@id":"https:\/\/www.equilibrio-petfood.com\/pt-br\/#website"},"primaryImageOfPage":{"@id":"https:\/\/www.equilibrio-petfood.com\/pt-br\/2023\/01\/04\/caes-da-raca-beagle-possuem-predisposicao-a-obesidade-canina\/#primaryimage"},"image":{"@id":"https:\/\/www.equilibrio-petfood.com\/pt-br\/2023\/01\/04\/caes-da-raca-beagle-possuem-predisposicao-a-obesidade-canina\/#primaryimage"},"thumbnailUrl":"https:\/\/www.equilibrio-petfood.com\/wp-content\/uploads\/2023\/02\/image-236.png","datePublished":"2023-01-04T18:12:40+00:00","dateModified":"2023-02-23T15:02:32+00:00","author":{"@id":"https:\/\/www.equilibrio-petfood.com\/pt-br\/#\/schema\/person\/4b65b41568f7c3cac79491fdc0ba31b4"},"breadcrumb":{"@id":"https:\/\/www.equilibrio-petfood.com\/pt-br\/2023\/01\/04\/caes-da-raca-beagle-possuem-predisposicao-a-obesidade-canina\/#breadcrumb"},"inLanguage":"pt-BR","potentialAction":[{"@type":"ReadAction","target":["https:\/\/www.equilibrio-petfood.com\/pt-br\/2023\/01\/04\/caes-da-raca-beagle-possuem-predisposicao-a-obesidade-canina\/"]}]},{"@type":"ImageObject","inLanguage":"pt-BR","@id":"https:\/\/www.equilibrio-petfood.com\/pt-br\/2023\/01\/04\/caes-da-raca-beagle-possuem-predisposicao-a-obesidade-canina\/#primaryimage","url":"https:\/\/www.equilibrio-petfood.com\/wp-content\/uploads\/2023\/02\/image-236.png","contentUrl":"https:\/\/www.equilibrio-petfood.com\/wp-content\/uploads\/2023\/02\/image-236.png","width":487,"height":319},{"@type":"BreadcrumbList","@id":"https:\/\/www.equilibrio-petfood.com\/pt-br\/2023\/01\/04\/caes-da-raca-beagle-possuem-predisposicao-a-obesidade-canina\/#breadcrumb","itemListElement":[{"@type":"ListItem","position":1,"name":"P\u00e1gina inicial","item":"https:\/\/www.equilibrio-petfood.com\/pt-br\/"},{"@type":"ListItem","position":2,"name":"C\u00c3ES DA RA\u00c7A BEAGLE POSSUEM PREDISPOSI\u00c7\u00c3O \u00c0 OBESIDADE CANINA"}]},{"@type":"WebSite","@id":"https:\/\/www.equilibrio-petfood.com\/pt-br\/#website","url":"https:\/\/www.equilibrio-petfood.com\/pt-br\/","name":"Equilibro","description":"","potentialAction":[{"@type":"SearchAction","target":{"@type":"EntryPoint","urlTemplate":"https:\/\/www.equilibrio-petfood.com\/pt-br\/?s={search_term_string}"},"query-input":{"@type":"PropertyValueSpecification","valueRequired":true,"valueName":"search_term_string"}}],"inLanguage":"pt-BR"},{"@type":"Person","@id":"https:\/\/www.equilibrio-petfood.com\/pt-br\/#\/schema\/person\/4b65b41568f7c3cac79491fdc0ba31b4","name":"Aedo, Lucas","image":{"@type":"ImageObject","inLanguage":"pt-BR","@id":"https:\/\/secure.gravatar.com\/avatar\/dd1659ab3e55f8172475d1b88fec7fbd72f990c5e01a6b5a074ddd4a7b48ad85?s=96&d=mm&r=g","url":"https:\/\/secure.gravatar.com\/avatar\/dd1659ab3e55f8172475d1b88fec7fbd72f990c5e01a6b5a074ddd4a7b48ad85?s=96&d=mm&r=g","contentUrl":"https:\/\/secure.gravatar.com\/avatar\/dd1659ab3e55f8172475d1b88fec7fbd72f990c5e01a6b5a074ddd4a7b48ad85?s=96&d=mm&r=g","caption":"Aedo, Lucas"},"url":"https:\/\/www.equilibrio-petfood.com\/pt-br\/author\/lucas-aedoadm-com\/"}]}},"_links":{"self":[{"href":"https:\/\/www.equilibrio-petfood.com\/pt-br\/wp-json\/wp\/v2\/posts\/1599","targetHints":{"allow":["GET"]}}],"collection":[{"href":"https:\/\/www.equilibrio-petfood.com\/pt-br\/wp-json\/wp\/v2\/posts"}],"about":[{"href":"https:\/\/www.equilibrio-petfood.com\/pt-br\/wp-json\/wp\/v2\/types\/post"}],"author":[{"embeddable":true,"href":"https:\/\/www.equilibrio-petfood.com\/pt-br\/wp-json\/wp\/v2\/users\/12"}],"replies":[{"embeddable":true,"href":"https:\/\/www.equilibrio-petfood.com\/pt-br\/wp-json\/wp\/v2\/comments?post=1599"}],"version-history":[{"count":1,"href":"https:\/\/www.equilibrio-petfood.com\/pt-br\/wp-json\/wp\/v2\/posts\/1599\/revisions"}],"predecessor-version":[{"id":1602,"href":"https:\/\/www.equilibrio-petfood.com\/pt-br\/wp-json\/wp\/v2\/posts\/1599\/revisions\/1602"}],"wp:featuredmedia":[{"embeddable":true,"href":"https:\/\/www.equilibrio-petfood.com\/pt-br\/wp-json\/wp\/v2\/media\/2703"}],"wp:attachment":[{"href":"https:\/\/www.equilibrio-petfood.com\/pt-br\/wp-json\/wp\/v2\/media?parent=1599"}],"wp:term":[{"taxonomy":"category","embeddable":true,"href":"https:\/\/www.equilibrio-petfood.com\/pt-br\/wp-json\/wp\/v2\/categories?post=1599"},{"taxonomy":"post_tag","embeddable":true,"href":"https:\/\/www.equilibrio-petfood.com\/pt-br\/wp-json\/wp\/v2\/tags?post=1599"}],"curies":[{"name":"wp","href":"https:\/\/api.w.org\/{rel}","templated":true}]}}